{"id":9446,"date":"2024-05-21T13:48:48","date_gmt":"2024-05-21T12:48:48","guid":{"rendered":"https:\/\/ai.ac.rs\/?p=9446"},"modified":"2024-05-28T13:25:30","modified_gmt":"2024-05-28T12:25:30","slug":"belgrade-fortress-research-project-2","status":"publish","type":"post","link":"https:\/\/ai.ac.rs\/en\/belgrade-fortress-research-project-2\/","title":{"rendered":"BELGRADE FORTRESS RESEARCH PROJECT"},"content":{"rendered":"<section class=\"wpb-content-wrapper\"><p>[vc_row][vc_column width=&#8221;1\/3&#8243;][vc_single_image image=&#8221;5980&#8243; img_size=&#8221;full&#8221;][\/vc_column][vc_column width=&#8221;2\/3&#8243;][vc_column_text css=&#8221;.vc_custom_1716717510317{padding-top: 20px !important;padding-right: 40px !important;padding-bottom: 30px !important;padding-left: 40px !important;background-color: #f9f9f9 !important;}&#8221;]<strong>Project Name:<\/strong> Belgrade Fortress Scientific Research Project<\/p>\n<p><strong>Project director:<\/strong> Dr. Vesna Biki\u0107<\/p>\n<p><strong>Team members:<\/strong><\/p>\n<p>Dr. Stefan Pop-Lazi\u0107<\/p>\n<p>Dr. Ivan Bugarski<\/p>\n<p>Dr. Vujadin Ivani\u0161evi\u0107, \u0430cademician<\/p>\n<p>Dr. Milica Radi\u0161i\u0107<\/p>\n<p>Snezana Nikoli\u0107<\/p>\n<p>Dr. Uglje\u0161a Vojvodi\u0107<\/p>\n<p><strong>Institutions involved in the research process<\/strong>:<\/p>\n<p>Institute of Archaeolology, Belgrade<\/p>\n<p>Belgrade City Institute for the Protection of Cultural Monuments<\/p>\n<p>Institute for the Protection of Cultural Monuments of Serbia \u2013 Belgrade<\/p>\n<p>Belgrade City Museum<\/p>\n<p>JP \u201cBelgrade Fortress\u201d[\/vc_column_text][\/vc_column][\/vc_row][vc_row][vc_column][vc_column_text]<\/p>\n<h3><strong>The Belgrade Fortress Research Project was established in 1976 with the aim of unifying all the research within the protected complex, including Kalemegdan Park, and performing scientific processing of the discovered material according to a consistent methodology. The long-term leader and initiator of all activities of this project was Dr Marko Popovi\u0107. All program activities of the project are funded by the Belgrade City Assembly.\u00a0<\/strong><\/h3>\n<p>[\/vc_column_text][vc_empty_space][\/vc_column][\/vc_row][vc_row][vc_column width=&#8221;1\/2&#8243;][vc_column_text]<span style=\"font-weight: 400;\">Research programmes are aimed at obtaining scientific knowledge about the origin and development of the fortress and the urban settlement in the epochs of Antiquity, the Middle Ages and in later periods, up to modern times. In addition, data relevant for the conservation, restoration and revitalisation of individual buildings, sites and wider complexes within the fortress is collected. The project implements programmes of both systematic research as well as additional research associated with conservation works. Also, in cooperation with the Institute for the Protection of Cultural Monuments of<\/span> <span style=\"font-weight: 400;\">Belgrade,<\/span> <span style=\"font-weight: 400;\">the project is involved in protective archaeological investigations in the area of the urban zone of the<\/span> <span style=\"font-weight: 400;\">Roman Singidunum.\u00a0<\/span><\/p>\n<p><span style=\"font-weight: 400;\">The documentation centre of the project holds the entire archaeological research material \u2013 excavation logs, sketches and technical drawings, photographs of sites along with relevant details \u2013 and, for the time being, archaeological finds from the Belgrade Fortress. The processing of research results, including the making of reconstructions, also takes place here, as well as the analysis of data from historical sources, particularly the old plans of the fortress and the city, dating from the last decades of the 17<\/span><span style=\"font-weight: 400;\">th<\/span><span style=\"font-weight: 400;\"> to the mid-19<\/span><span style=\"font-weight: 400;\">th<\/span><span style=\"font-weight: 400;\"> century. <\/span>[\/vc_column_text][\/vc_column][vc_column width=&#8221;1\/2&#8243;][vc_column_text]<span style=\"font-weight: 400;\">After being processed, all archaeological finds recovered in the course of the investigation of the Belgrade Fortress complex are handed over to the Belgrade City Museum, where they are then kept permanently. These are ceramic and glass artefacts, jewellery and clothing items, cultic objects, tools, medical instruments, weapons, coins, household inventory, parts of construction equipment, etc.\u00a0\u00a0\u00a0<\/span><\/p>\n<p><span style=\"font-weight: 400;\">Three large collections of ceramics have been processed and published to date \u2013 from the Roman, mediaeval and post-mediaeval period. Over the past three decades, research results have been published in the form of separate monographs, studies or articles. The <\/span><i><span style=\"font-weight: 400;\">Singidunum <\/span><\/i><span style=\"font-weight: 400;\">collection of papers is edited as part of this project.\u00a0\u00a0\u00a0<\/span><\/p>\n<p>[\/vc_column_text][\/vc_column][\/vc_row][vc_row][vc_column][vc_empty_space][\/vc_column][\/vc_row][vc_row][vc_column][vc_column_text]<\/p>\n<h4><b>Selected bibliography<\/b><strong>:<\/strong><\/h4>\n<div class=\"vc_row wpb_row vc_row-fluid\">\n<div class=\"wpb_column vc_column_container vc_col-sm-12\">\n<div class=\"vc_column-inner\">\n<div class=\"wpb_wrapper\">\n<div class=\"wpb_text_column wpb_content_element \">\n<div class=\"wpb_wrapper\">\n<p>\u041c\u0430\u0440\u0458\u0430\u043d\u043e\u0432\u0438\u045b-\u0412\u0443\u0458\u043e\u0432\u0438\u045b \u0413. 1973. \u041a\u0443\u045b\u0430 \u0438\u0437 \u0434\u0440\u0443\u0433\u0435 \u043f\u043e\u043b\u043e\u0432\u0438\u043d\u0435 XVII \u0432\u0435\u043a\u0430 \u043e\u0442\u043a\u043e\u043f\u0430\u043d\u0430 \u0443 \u0443\u0442\u0432\u0440\u0452\u0435\u043d\u043e\u043c \u043f\u043e\u0434\u0433\u0440\u0430\u0452\u0443 \u0411\u0435\u043e\u0433\u0440\u0430\u0434\u0441\u043a\u043e\u0433 \u0433\u0440\u0430\u0434\u0430, \u0413\u043e\u0434\u0438\u0448\u045a\u0430\u043a \u0433\u0440\u0430\u0434\u0430 \u0411\u0435\u043e\u0433\u0440\u0430\u0434\u0430 XX, 201\u2013226.<\/p>\n<p>\u0425\u0430\u043d \u0412. 1978. \u0417\u043d\u0430\u0447\u0430\u0458 \u043d\u0430\u043b\u0430\u0437\u0430 \u0441\u0442\u0430\u043a\u043b\u0430 \u043d\u0430 \u0411\u0435\u043e\u0433\u0440\u0430\u0434\u0441\u043a\u043e\u0458 \u0442\u0432\u0440\u0452\u0430\u0432\u0438, \u0413\u043e\u0434\u0438\u0448\u045a\u0430\u043a \u0433\u0440\u0430\u0434\u0430 \u0411\u0435\u043e\u0433\u0440\u0430\u0434\u0430 XXV, 169\u2013174.<\/p>\n<p>\u041f\u043e\u043f\u043e\u0432\u0438\u045b \u041c. 1978. \u0421\u0440\u0435\u0434\u045a\u043e\u0432\u0435\u043a\u043e\u0432\u043d\u0430 \u043f\u0440\u0435\u0434\u0433\u0440\u0430\u0452\u0430 \u0411\u0435\u043e\u0433\u0440\u0430\u0434\u0441\u043a\u043e\u0433 \u0433\u0440\u0430\u0434\u0430, \u0413\u043e\u0434\u0438\u0448\u045a\u0430\u043a \u0433\u0440\u0430\u0434\u0430 \u0411\u0435\u043e\u0433\u0440\u0430\u0434\u0430 XXV, 121\u2013131.<\/p>\n<p>\u041f\u043e\u043f\u043e\u0432\u0438\u045b \u041c. 1982. \u0411\u0435\u043e\u0433\u0440\u0430\u0434\u0441\u043a\u0430 \u0442\u0432\u0440\u0452\u0430\u0432\u0430, \u0411\u0435\u043e\u0433\u0440\u0430\u0434.<\/p>\n<p>\u041c\u0430\u0440\u0458\u0430\u043d\u043e\u0432\u0438\u045b-\u0412\u0443\u0458\u043e\u0432\u0438\u045b \u0413. 1988. \u0421\u0440\u0435\u0434\u045a\u043e\u0432\u0435\u043a\u043e\u0432\u043d\u0430 \u043d\u0430\u0441\u0435\u0459\u0430 \u043d\u0430 \u043f\u0440\u043e\u0441\u0442\u043e\u0440\u0438\u043c\u0430 \u0411\u0435\u043e\u0433\u0440\u0430\u0434\u0441\u043a\u0435 \u0442\u0432\u0440\u0452\u0430\u0432\u0435, \u0443: \u0412. \u0427\u0443\u0431\u0440\u0438\u043b\u043e\u0432\u0438\u045b (\u0443\u0440.), \u0411\u0435\u043e\u0433\u0440\u0430\u0434\u0441\u043a\u0430 \u0442\u0432\u0440\u0452\u0430\u0432\u0430 \u0443 \u043f\u0440\u043e\u0448\u043b\u043e\u0441\u0442\u0438, \u0441\u0430\u0434\u0430\u0448\u045a\u043e\u0441\u0442\u0438 \u0438 \u0431\u0443\u0434\u0443\u045b\u043d\u043e\u0441\u0442\u0438, \u0421\u0410\u041d\u0423, \u0411\u0435\u043e\u0433\u0440\u0430\u0434, 125\u2013139.<\/p>\n<p>\u041f\u043e\u043f\u043e\u0432\u0438\u045b \u041c. 1988. \u0411\u0435\u043e\u0433\u0440\u0430\u0434\u0441\u043a\u0430 \u0442\u0432\u0440\u0452\u0430\u0432\u0430 \u0438 \u043c\u043e\u0433\u0443\u045b\u043d\u043e\u0441\u0442\u0438 \u0440\u0435\u043a\u043e\u043d\u0441\u0442\u0440\u0443\u043a\u0446\u0438\u0458\u0435 \u043f\u0440\u0435\u043c\u0430 \u0438\u0441\u0445\u043e\u0434\u0438\u043c\u0430 \u0434\u043e\u0441\u0430\u0434\u0430\u0448\u045a\u0438\u0445 \u0438\u0441\u0442\u0440\u0430\u0436\u0438\u0432\u0430\u045a\u0430, \u0443: \u0412. \u0427\u0443\u0431\u0440\u0438\u043b\u043e\u0432\u0438\u045b (\u0443\u0440.), \u0411\u0435\u043e\u0433\u0440\u0430\u0434\u0441\u043a\u0430 \u0442\u0432\u0440\u0452\u0430\u0432\u0430 \u0443 \u043f\u0440\u043e\u0448\u043b\u043e\u0441\u0442\u0438, \u0441\u0430\u0434\u0430\u0448\u045a\u043e\u0441\u0442\u0438 \u0438 \u0431\u0443\u0434\u0443\u045b\u043d\u043e\u0441\u0442\u0438, \u0421\u0410\u041d\u0423, \u0411\u0435\u043e\u0433\u0440\u0430\u0434, 23\u201347.<\/p>\n<p>Bjelajac Lj., Ivani\u0161evi\u0107 V. 1993. Les t\u00e9moignages arch\u00e9ologiques des Grandes Invasions \u00e0 Singidunum, Starinar XLII\/1991, 123\u2013139.<\/p>\n<p>\u0411\u0438\u043a\u0438\u045b \u0412. 1994. \u0421\u0440\u0435\u0434\u045a\u043e\u0432\u0435\u043a\u043e\u0432\u043d\u0430 \u043a\u0435\u0440\u0430\u043c\u0438\u043a\u0430 \u0411\u0435\u043e\u0433\u0440\u0430\u0434\u0430, \u0411\u0435\u043e\u0433\u0440\u0430\u0434.<\/p>\n<p>\u0411\u0430\u0458\u0430\u043b\u043e\u0432\u0438\u045b-\u0425\u0430\u045f\u0438-\u041f\u0435\u0448\u0438\u045b \u041c., \u0423\u043d\u0443\u0442\u0440\u0430\u0448\u045a\u0435 \u0443\u0442\u0432\u0440\u0452\u0435\u045a\u0435 \u0411\u0435\u043e\u0433\u0440\u0430\u0434\u0441\u043a\u043e\u0433 \u0433\u0440\u0430\u0434\u0430 I\u2013V,<\/p>\n<p>\u0413\u043e\u0434\u0438\u0448\u045a\u0430\u043a \u0433\u0440\u0430\u0434\u0430 \u0411\u0435\u043e\u0433\u0440\u0430\u0434\u0430 XXXVIII\u2013XLIV\/1991\u20131997.<\/p>\n<p>Nikoli\u0107-\u0110or\u0111evi\u0107 S. 2000. Anti\u010dka keramika Singidunuma, Singidunum 2, 11\u2013244.<\/p>\n<p>Ivani\u0161evi\u0107 V., Kazanski M. 2002. La necropole de l\u2019\u00e9poque des grandes migrations \u00e0<\/p>\n<p>Singidunum, Singidunum 3, 101\u2013158.<\/p>\n<p>Biki\u0107 V. 2003. Gradska keramika Beograda (16\u201317. vek), Beograd.<\/p>\n<p>\u041f\u043e\u043f\u043e\u0432\u0438\u045b \u041c., \u0411\u0438\u043a\u0438\u045b, \u0412. 2004, \u041a\u043e\u043c\u043f\u043b\u0435\u043a\u0441 \u0441\u0440\u0435\u0434\u045a\u043e\u0432\u0435\u043a\u043e\u0432\u043d\u0435 \u043c\u0438\u0442\u0440\u043e\u043f\u043e\u043b\u0438\u0458\u0435 \u0443 \u0411\u0435\u043e\u0433\u0440\u0430\u0434\u0443 \u2013 \u0438\u0441\u0442\u0440\u0430\u0436\u0438\u0432\u0430\u045a\u0430 \u0443 \u0414\u043e\u045a\u0435\u043c \u0433\u0440\u0430\u0434\u0443 \u0411\u0435\u043e\u0433\u0440\u0430\u0434\u0441\u043a\u0435 \u0442\u0432\u0440\u0452\u0430\u0432\u0435, \u0411\u0435\u043e\u0433\u0440\u0430\u0434.<\/p>\n<p>\u041f\u043e\u043f\u043e\u0432\u0438\u045b \u041c. 2006. \u0411\u0435\u043e\u0433\u0440\u0430\u0434\u0441\u043a\u0430 \u0442\u0432\u0440\u0452\u0430\u0432\u0430 (\u0434\u0440\u0443\u0433\u043e \u0434\u043e\u043f\u0443\u045a\u0435\u043d\u043e \u0438\u0437\u0434\u0430\u045a\u0435), \u0411\u0435\u043e\u0433\u0440\u0430\u0434.<\/p>\n<p>\u0411\u0438\u043a\u0438\u045b \u0412. (\u0443\u0440.) 2019. \u0411\u0430\u0440\u043e\u043a\u043d\u0438 \u0411\u0435\u043e\u0433\u0440\u0430\u0434 \u2013 \u041f\u0440\u0435\u043e\u0431\u0440\u0430\u0436\u0430\u0458\u0438 (1717\u20131739), \u0411\u0435\u043e\u0433\u0440\u0430\u0434: \u0410\u0440\u0445\u0435\u043e\u043b\u043e\u0448\u043a\u0438 \u0438\u043d\u0441\u0442\u0438\u0442\u0443\u0442 \u2013 \u041c\u0443\u0437\u0435\u0458 \u0433\u0440\u0430\u0434\u0430 \u0411\u0435\u043e\u0433\u0440\u0430\u0434\u0430 \/ V. Biki\u0107 (ed.), Baroque Belgrade \u2013 Transformation (1717\u20131739), Belgrade: Institute of Archaeology \u2013 Museum of City of Belgrade.<\/p>\n<\/div>\n<\/div>\n<\/div>\n<\/div>\n<\/div>\n<\/div>\n<p><span style=\"font-weight: 400;\">\u0412. \u0411\u0438\u043a\u0438\u045b (\u0443\u0440.), \u0411\u0430\u0440\u043e\u043a\u043d\u0438 \u0411\u0435\u043e\u0433\u0440\u0430\u0434 \u2013 \u041f\u0440\u0435\u043e\u0431\u0440\u0430\u0436\u0430\u0458\u0438 (1717\u20131739), \u0411\u0435\u043e\u0433\u0440\u0430\u0434 2019, 1\u2013223.<\/span>[\/vc_column_text][\/vc_column][\/vc_row][vc_row css=&#8221;.vc_custom_1529917889058{padding-top: 10px !important;padding-bottom: 25px !important;}&#8221;][vc_column][vc_empty_space][vc_gallery type=&#8221;flexslider_slide&#8221; interval=&#8221;3&#8243; images=&#8221;5980,5976,5973,5970,5967,5964,5961,5958&#8243; img_size=&#8221;large&#8221;][\/vc_column][\/vc_row][vc_row css=&#8221;.vc_custom_1529917889058{padding-top: 10px !important;padding-bottom: 25px !important;}&#8221;][vc_column]<div class=\"eltdf-section-title-holder  eltdf-st-standard eltdf-st-title-left eltdf-st-normal-space \" >\n\t<div class=\"eltdf-st-inner\">\n\t\t\t\t\t<h3 class=\"eltdf-st-title\" >\n\t\t\t\t\u0421\u0430\u0440\u0430\u0434\u043d\u0438\u0446\u0438\t\t\t<\/h3>\n\t\t\t\t\t\t\t<\/div>\n<\/div>[vc_empty_space]<div class=\"eltdf-instructor-slider-holder info-\"><div class=\"eltdf-instructor-list-holder eltdf-grid-list eltdf-disable-bottom-space clearfix eltdf-four-columns eltdf-small-space\" data-number-of-columns=\"3\" data-enable-navigation=\"yes\" data-enable-pagination=\"yes\">\n\t<div class=\"eltdf-tl-inner eltdf-outer-space eltdf-owl-slider eltdf-list-is-slider\" >\n\t\t<div class=\"eltdf-instructor eltdf-item-space info-bellow \">\t<div class=\"eltdf-instructor-inner\">\t\t\t\t\t<div class=\"eltdf-instructor-image\">\t\t\t\t<a itemprop=\"url\" href=\"https:\/\/ai.ac.rs\/en\/instructor\/dr-vesna-bikic\/\">\t\t\t\t\t<img loading=\"lazy\" decoding=\"async\" width=\"300\" height=\"300\" src=\"https:\/\/ai.ac.rs\/wp-content\/uploads\/2023\/09\/vesna-bikic-300x300-1.jpg\" class=\"attachment-full size-full wp-post-image\" alt=\"\" srcset=\"https:\/\/ai.ac.rs\/wp-content\/uploads\/2023\/09\/vesna-bikic-300x300-1.jpg 300w, https:\/\/ai.ac.rs\/wp-content\/uploads\/2023\/09\/vesna-bikic-300x300-1-150x150.jpg 150w, https:\/\/ai.ac.rs\/wp-content\/uploads\/2023\/09\/vesna-bikic-300x300-1-100x100.jpg 100w\" sizes=\"auto, (max-width: 300px) 100vw, 300px\" \/>\t\t\t\t<\/a>\t\t\t<\/div>\t\t\t\t<div class=\"eltdf-instructor-info\">\t\t\t<div class=\"eltdf-instructor-title-holder\">\t\t\t\t<h4 itemprop=\"name\" class=\"eltdf-instructor-name entry-title\">\t\t\t\t\t<a itemprop=\"url\" href=\"https:\/\/ai.ac.rs\/en\/instructor\/dr-vesna-bikic\/\">Dr Vesna Biki\u0107<\/a>\t\t\t\t<\/h4>\t\t\t\t\t\t\t\t\t\t\t\t\t<h6 class=\"eltdf-instructor-position\">Principal Research Fellow<\/h6>\t\t\t\t\t\t\t<\/div>\t\t\t\t\t\t\t<div class=\"eltdf-instructor-text\">\t\t\t\t\t<div class=\"eltdf-instructor-text-inner\">\t\t\t\t\t\t<div class=\"eltdf-instructor-description\">\t\t\t\t\t\t\t<p itemprop=\"description\" class=\"eltdf-instructor-excerpt\">[vc_row][vc_column][vc_column_text]Interests and methodology of research &nbsp; Dr Vesna Biki\u0107 has, from 1993, been dedicated to the studies of the Middle Ages period processes of settlements and burial customs, with a specific focus on the studies of material culture, particularly ceramics and jewellery. Dr Biki\u0107 studies different phenomena from the Byzantine, European Middle Ages period and Ottoman [&hellip;]<\/p>\t\t\t\t\t\t<\/div>\t\t\t\t\t<\/div>\t\t\t\t<\/div>\t\t\t\t\t\t<div class=\"eltdf-instructor-social-holder-between\">\t\t\t\t<div class=\"eltdf-instructor-social\">\t\t\t\t\t<div class=\"eltdf-instructor-social-inner\">\t\t\t\t\t\t<div class=\"eltdf-instructor-social-wrapp\">\t\t\t\t\t\t\t\t\t\t\t\t\t<\/div>\t\t\t\t\t<\/div>\t\t\t\t<\/div>\t\t\t<\/div>\t\t<\/div>\t<\/div><\/div><div class=\"eltdf-instructor eltdf-item-space info-bellow \">\t<div class=\"eltdf-instructor-inner\">\t\t\t\t\t<div class=\"eltdf-instructor-image\">\t\t\t\t<a itemprop=\"url\" href=\"https:\/\/ai.ac.rs\/en\/instructor\/dr-milica-radisic\/\">\t\t\t\t\t<img loading=\"lazy\" decoding=\"async\" width=\"300\" height=\"300\" src=\"https:\/\/ai.ac.rs\/wp-content\/uploads\/2023\/10\/milica-radisic.jpg\" class=\"attachment-full size-full wp-post-image\" alt=\"\" srcset=\"https:\/\/ai.ac.rs\/wp-content\/uploads\/2023\/10\/milica-radisic.jpg 300w, https:\/\/ai.ac.rs\/wp-content\/uploads\/2023\/10\/milica-radisic-150x150.jpg 150w, https:\/\/ai.ac.rs\/wp-content\/uploads\/2023\/10\/milica-radisic-100x100.jpg 100w\" sizes=\"auto, (max-width: 300px) 100vw, 300px\" \/>\t\t\t\t<\/a>\t\t\t<\/div>\t\t\t\t<div class=\"eltdf-instructor-info\">\t\t\t<div class=\"eltdf-instructor-title-holder\">\t\t\t\t<h4 itemprop=\"name\" class=\"eltdf-instructor-name entry-title\">\t\t\t\t\t<a itemprop=\"url\" href=\"https:\/\/ai.ac.rs\/en\/instructor\/dr-milica-radisic\/\">Dr Milica Radi\u0161i\u0107<\/a>\t\t\t\t<\/h4>\t\t\t\t\t\t\t\t\t\t\t\t\t<h6 class=\"eltdf-instructor-position\">Research Associate<\/h6>\t\t\t\t\t\t\t<\/div>\t\t\t\t\t\t\t<div class=\"eltdf-instructor-text\">\t\t\t\t\t<div class=\"eltdf-instructor-text-inner\">\t\t\t\t\t\t<div class=\"eltdf-instructor-description\">\t\t\t\t\t\t\t<p itemprop=\"description\" class=\"eltdf-instructor-excerpt\">[vc_row][vc_column][vc_column_text]Interests and methodology of research &nbsp; Dr Milica Radi\u0161i\u0107 is a specialist in the fields of Early Medieval archaeology and archaeology of High Middle Ages. Her research work focuses on reconstruction of socio-cultural processes in the Balkans and Central Europe during the settlement of the Slavs, Bulgarians and Hungarians, and the rise of their states, between [&hellip;]<\/p>\t\t\t\t\t\t<\/div>\t\t\t\t\t<\/div>\t\t\t\t<\/div>\t\t\t\t\t\t<div class=\"eltdf-instructor-social-holder-between\">\t\t\t\t<div class=\"eltdf-instructor-social\">\t\t\t\t\t<div class=\"eltdf-instructor-social-inner\">\t\t\t\t\t\t<div class=\"eltdf-instructor-social-wrapp\">\t\t\t\t\t\t\t\t\t\t\t\t\t<\/div>\t\t\t\t\t<\/div>\t\t\t\t<\/div>\t\t\t<\/div>\t\t<\/div>\t<\/div><\/div><div class=\"eltdf-instructor eltdf-item-space info-bellow \">\t<div class=\"eltdf-instructor-inner\">\t\t\t\t\t<div class=\"eltdf-instructor-image\">\t\t\t\t<a itemprop=\"url\" href=\"https:\/\/ai.ac.rs\/en\/instructor\/dr-ivan-bugarski\/\">\t\t\t\t\t<img loading=\"lazy\" decoding=\"async\" width=\"300\" height=\"300\" src=\"https:\/\/ai.ac.rs\/wp-content\/uploads\/2023\/10\/bugarski.jpg\" class=\"attachment-full size-full wp-post-image\" alt=\"\" srcset=\"https:\/\/ai.ac.rs\/wp-content\/uploads\/2023\/10\/bugarski.jpg 300w, https:\/\/ai.ac.rs\/wp-content\/uploads\/2023\/10\/bugarski-150x150.jpg 150w, https:\/\/ai.ac.rs\/wp-content\/uploads\/2023\/10\/bugarski-100x100.jpg 100w\" sizes=\"auto, (max-width: 300px) 100vw, 300px\" \/>\t\t\t\t<\/a>\t\t\t<\/div>\t\t\t\t<div class=\"eltdf-instructor-info\">\t\t\t<div class=\"eltdf-instructor-title-holder\">\t\t\t\t<h4 itemprop=\"name\" class=\"eltdf-instructor-name entry-title\">\t\t\t\t\t<a itemprop=\"url\" href=\"https:\/\/ai.ac.rs\/en\/instructor\/dr-ivan-bugarski\/\">Dr Ivan Bugarski<\/a>\t\t\t\t<\/h4>\t\t\t\t\t\t\t\t\t\t\t<\/div>\t\t\t\t\t\t\t<div class=\"eltdf-instructor-text\">\t\t\t\t\t<div class=\"eltdf-instructor-text-inner\">\t\t\t\t\t\t<div class=\"eltdf-instructor-description\">\t\t\t\t\t\t\t<p itemprop=\"description\" class=\"eltdf-instructor-excerpt\">[vc_row][vc_column][vc_column_text]Interests and methodology of research &nbsp; Dr Ivan Bugarski has been employed at the Institute of Archaeology since 2002. He researches several topics, from Late Antiquity to the Early Middle Ages. Dr Bugarski is particularly dedicated to the Migration period and archaeology of the Avars. As a long-term associate in the research of the Cari\u010din Grad [&hellip;]<\/p>\t\t\t\t\t\t<\/div>\t\t\t\t\t<\/div>\t\t\t\t<\/div>\t\t\t\t\t\t<div class=\"eltdf-instructor-social-holder-between\">\t\t\t\t<div class=\"eltdf-instructor-social\">\t\t\t\t\t<div class=\"eltdf-instructor-social-inner\">\t\t\t\t\t\t<div class=\"eltdf-instructor-social-wrapp\">\t\t\t\t\t\t\t\t\t\t\t\t\t<\/div>\t\t\t\t\t<\/div>\t\t\t\t<\/div>\t\t\t<\/div>\t\t<\/div>\t<\/div><\/div><div class=\"eltdf-instructor eltdf-item-space info-bellow \">\t<div class=\"eltdf-instructor-inner\">\t\t\t\t\t<div class=\"eltdf-instructor-image\">\t\t\t\t<a itemprop=\"url\" href=\"https:\/\/ai.ac.rs\/en\/instructor\/dr-stefan-pop-lazic\/\">\t\t\t\t\t<img loading=\"lazy\" decoding=\"async\" width=\"300\" height=\"300\" src=\"https:\/\/ai.ac.rs\/wp-content\/uploads\/2023\/10\/stefan-pop-lazic.jpg\" class=\"attachment-full size-full wp-post-image\" alt=\"\" srcset=\"https:\/\/ai.ac.rs\/wp-content\/uploads\/2023\/10\/stefan-pop-lazic.jpg 300w, https:\/\/ai.ac.rs\/wp-content\/uploads\/2023\/10\/stefan-pop-lazic-150x150.jpg 150w, https:\/\/ai.ac.rs\/wp-content\/uploads\/2023\/10\/stefan-pop-lazic-100x100.jpg 100w\" sizes=\"auto, (max-width: 300px) 100vw, 300px\" \/>\t\t\t\t<\/a>\t\t\t<\/div>\t\t\t\t<div class=\"eltdf-instructor-info\">\t\t\t<div class=\"eltdf-instructor-title-holder\">\t\t\t\t<h4 itemprop=\"name\" class=\"eltdf-instructor-name entry-title\">\t\t\t\t\t<a itemprop=\"url\" href=\"https:\/\/ai.ac.rs\/en\/instructor\/dr-stefan-pop-lazic\/\">Dr Stefan Pop Lazi\u0107<\/a>\t\t\t\t<\/h4>\t\t\t\t\t\t\t\t\t\t\t\t\t<h6 class=\"eltdf-instructor-position\">Research Associate<\/h6>\t\t\t\t\t\t\t<\/div>\t\t\t\t\t\t\t<div class=\"eltdf-instructor-text\">\t\t\t\t\t<div class=\"eltdf-instructor-text-inner\">\t\t\t\t\t\t<div class=\"eltdf-instructor-description\">\t\t\t\t\t\t\t<p itemprop=\"description\" class=\"eltdf-instructor-excerpt\">[vc_row][vc_column][vc_column_text]Interests and methodology of research &nbsp; Dr Stefan Pop Lazi\u0107 is actively engaged in the research of the most important antique localities in Serbia \u2013 Sirmium, Singidunum and Romuliana (Gamzigrad). Dr Pop Lazi\u0107 has focused on the study of the Roman fortifications in the territory of today\u2019s Serbia, and on questions related to the Roman army. [&hellip;]<\/p>\t\t\t\t\t\t<\/div>\t\t\t\t\t<\/div>\t\t\t\t<\/div>\t\t\t\t\t\t<div class=\"eltdf-instructor-social-holder-between\">\t\t\t\t<div class=\"eltdf-instructor-social\">\t\t\t\t\t<div class=\"eltdf-instructor-social-inner\">\t\t\t\t\t\t<div class=\"eltdf-instructor-social-wrapp\">\t\t\t\t\t\t\t\t\t\t\t\t\t<\/div>\t\t\t\t\t<\/div>\t\t\t\t<\/div>\t\t\t<\/div>\t\t<\/div>\t<\/div><\/div><div class=\"eltdf-instructor eltdf-item-space info-bellow \">\t<div class=\"eltdf-instructor-inner\">\t\t\t\t\t<div class=\"eltdf-instructor-image\">\t\t\t\t<a itemprop=\"url\" href=\"https:\/\/ai.ac.rs\/en\/instructor\/ma-ugljesa-vojvodic\/\">\t\t\t\t\t<img loading=\"lazy\" decoding=\"async\" width=\"300\" height=\"300\" src=\"https:\/\/ai.ac.rs\/wp-content\/uploads\/2023\/10\/ugljesa-vojvodic.jpg\" class=\"attachment-full size-full wp-post-image\" alt=\"\" srcset=\"https:\/\/ai.ac.rs\/wp-content\/uploads\/2023\/10\/ugljesa-vojvodic.jpg 300w, https:\/\/ai.ac.rs\/wp-content\/uploads\/2023\/10\/ugljesa-vojvodic-150x150.jpg 150w, https:\/\/ai.ac.rs\/wp-content\/uploads\/2023\/10\/ugljesa-vojvodic-100x100.jpg 100w\" sizes=\"auto, (max-width: 300px) 100vw, 300px\" \/>\t\t\t\t<\/a>\t\t\t<\/div>\t\t\t\t<div class=\"eltdf-instructor-info\">\t\t\t<div class=\"eltdf-instructor-title-holder\">\t\t\t\t<h4 itemprop=\"name\" class=\"eltdf-instructor-name entry-title\">\t\t\t\t\t<a itemprop=\"url\" href=\"https:\/\/ai.ac.rs\/en\/instructor\/ma-ugljesa-vojvodic\/\">Dr Uglje\u0161a Vojvodi\u0107<\/a>\t\t\t\t<\/h4>\t\t\t\t\t\t\t\t\t\t\t\t\t<h6 class=\"eltdf-instructor-position\">Research Associate<\/h6>\t\t\t\t\t\t\t<\/div>\t\t\t\t\t\t\t<div class=\"eltdf-instructor-text\">\t\t\t\t\t<div class=\"eltdf-instructor-text-inner\">\t\t\t\t\t\t<div class=\"eltdf-instructor-description\">\t\t\t\t\t\t\t<p itemprop=\"description\" class=\"eltdf-instructor-excerpt\">[vc_row][vc_column][vc_column_text]Interests and methodology of research &nbsp; Since 2013. year, research of MA Uglje\u0161a Vojvodi\u0107 is dedicated to the studying of material traces of medieval societies\u2019 cultures in the Balkans, particularly of the squires in medieval Serbia, their burials and bestowers\u2019 activities. As part of his dissertation, he also studies models of settlements and economic patterns in [&hellip;]<\/p>\t\t\t\t\t\t<\/div>\t\t\t\t\t<\/div>\t\t\t\t<\/div>\t\t\t\t\t\t<div class=\"eltdf-instructor-social-holder-between\">\t\t\t\t<div class=\"eltdf-instructor-social\">\t\t\t\t\t<div class=\"eltdf-instructor-social-inner\">\t\t\t\t\t\t<div class=\"eltdf-instructor-social-wrapp\">\t\t\t\t\t\t\t\t\t\t\t\t\t<\/div>\t\t\t\t\t<\/div>\t\t\t\t<\/div>\t\t\t<\/div>\t\t<\/div>\t<\/div><\/div>\t<\/div>\n<\/div><\/div>[\/vc_column][\/vc_row]<\/p>\n<\/section>","protected":false},"excerpt":{"rendered":"<p>Research programmes are aimed at obtaining scientific knowledge about the origin and development of the fortress and the urban settlement in the epochs of Antiquity, the Middle Ages and in later periods, up to modern times. In addition, data relevant for the conservation, restoration and revitalisation of individual buildings, sites and wider complexes within the fortress is collected. The project implements programmes of both systematic research as well as additional research associated with conservation works. Also, in cooperation with the Institute for the Protection of Cultural Monuments of Belgrade, the project is involved in protective archaeological investigations in the area of the urban zone of the Roman Singidunum.\u00a0<\/p>\n","protected":false},"author":3,"featured_media":5980,"comment_status":"closed","ping_status":"open","sticky":false,"template":"","format":"standard","meta":{"_bbp_topic_count":0,"_bbp_reply_count":0,"_bbp_total_topic_count":0,"_bbp_total_reply_count":0,"_bbp_voice_count":0,"_bbp_anonymous_reply_count":0,"_bbp_topic_count_hidden":0,"_bbp_reply_count_hidden":0,"_bbp_forum_subforum_count":0,"inline_featured_image":false,"footnotes":""},"categories":[196],"tags":[],"class_list":["post-9446","post","type-post","status-publish","format-standard","has-post-thumbnail","hentry","category-the-middle-ages-and-the-new-age"],"yoast_head":"<!-- This site is optimized with the Yoast SEO plugin v22.0 - https:\/\/yoast.com\/wordpress\/plugins\/seo\/ -->\n<title>BELGRADE FORTRESS RESEARCH PROJECT - Institute of Archaeology<\/title>\n<meta name=\"robots\" content=\"index, follow, max-snippet:-1, max-image-preview:large, max-video-preview:-1\" \/>\n<link rel=\"canonical\" href=\"https:\/\/ai.ac.rs\/en\/belgrade-fortress-research-project-2\/\" \/>\n<meta property=\"og:locale\" content=\"en_US\" \/>\n<meta property=\"og:type\" content=\"article\" \/>\n<meta property=\"og:title\" content=\"BELGRADE FORTRESS RESEARCH PROJECT - Institute of Archaeology\" \/>\n<meta property=\"og:description\" content=\"Research programmes are aimed at obtaining scientific knowledge about the origin and development of the fortress and the urban settlement in the epochs of Antiquity, the Middle Ages and in later periods, up to modern times. In addition, data relevant for the conservation, restoration and revitalisation of individual buildings, sites and wider complexes within the fortress is collected. The project implements programmes of both systematic research as well as additional research associated with conservation works. Also, in cooperation with the Institute for the Protection of Cultural Monuments of Belgrade, the project is involved in protective archaeological investigations in the area of the urban zone of the Roman Singidunum.\u00a0\" \/>\n<meta property=\"og:url\" content=\"https:\/\/ai.ac.rs\/en\/belgrade-fortress-research-project-2\/\" \/>\n<meta property=\"og:site_name\" content=\"Institute of Archaeology\" \/>\n<meta property=\"article:publisher\" content=\"https:\/\/www.facebook.com\/profile.php?id=100063480880081&amp;sk\" \/>\n<meta property=\"article:published_time\" content=\"2024-05-21T12:48:48+00:00\" \/>\n<meta property=\"article:modified_time\" content=\"2024-05-28T12:25:30+00:00\" \/>\n<meta property=\"og:image\" content=\"https:\/\/ai.ac.rs\/wp-content\/uploads\/2023\/10\/bgdthumb.jpg\" \/>\n\t<meta property=\"og:image:width\" content=\"500\" \/>\n\t<meta property=\"og:image:height\" content=\"500\" \/>\n\t<meta property=\"og:image:type\" content=\"image\/jpeg\" \/>\n<meta name=\"author\" content=\"urednik\" \/>\n<meta name=\"twitter:card\" content=\"summary_large_image\" \/>\n<meta name=\"twitter:creator\" content=\"@arheoinst\" \/>\n<meta name=\"twitter:site\" content=\"@arheoinst\" \/>\n<meta name=\"twitter:label1\" content=\"Written by\" \/>\n\t<meta name=\"twitter:data1\" content=\"urednik\" \/>\n\t<meta name=\"twitter:label2\" content=\"Est. reading time\" \/>\n\t<meta name=\"twitter:data2\" content=\"5 minutes\" \/>\n<script type=\"application\/ld+json\" class=\"yoast-schema-graph\">{\"@context\":\"https:\/\/schema.org\",\"@graph\":[{\"@type\":\"Article\",\"@id\":\"https:\/\/ai.ac.rs\/en\/belgrade-fortress-research-project-2\/#article\",\"isPartOf\":{\"@id\":\"https:\/\/ai.ac.rs\/en\/belgrade-fortress-research-project-2\/\"},\"author\":{\"name\":\"urednik\",\"@id\":\"https:\/\/ai.ac.rs\/#\/schema\/person\/386f94fe666e3d4e71c9e002f26bc205\"},\"headline\":\"BELGRADE FORTRESS RESEARCH PROJECT\",\"datePublished\":\"2024-05-21T12:48:48+00:00\",\"dateModified\":\"2024-05-28T12:25:30+00:00\",\"mainEntityOfPage\":{\"@id\":\"https:\/\/ai.ac.rs\/en\/belgrade-fortress-research-project-2\/\"},\"wordCount\":877,\"publisher\":{\"@id\":\"https:\/\/ai.ac.rs\/#organization\"},\"articleSection\":[\"The Middle Ages and the New Age\"],\"inLanguage\":\"en-US\"},{\"@type\":\"WebPage\",\"@id\":\"https:\/\/ai.ac.rs\/en\/belgrade-fortress-research-project-2\/\",\"url\":\"https:\/\/ai.ac.rs\/en\/belgrade-fortress-research-project-2\/\",\"name\":\"BELGRADE FORTRESS RESEARCH PROJECT - Institute of Archaeology\",\"isPartOf\":{\"@id\":\"https:\/\/ai.ac.rs\/#website\"},\"datePublished\":\"2024-05-21T12:48:48+00:00\",\"dateModified\":\"2024-05-28T12:25:30+00:00\",\"breadcrumb\":{\"@id\":\"https:\/\/ai.ac.rs\/en\/belgrade-fortress-research-project-2\/#breadcrumb\"},\"inLanguage\":\"en-US\",\"potentialAction\":[{\"@type\":\"ReadAction\",\"target\":[\"https:\/\/ai.ac.rs\/en\/belgrade-fortress-research-project-2\/\"]}]},{\"@type\":\"BreadcrumbList\",\"@id\":\"https:\/\/ai.ac.rs\/en\/belgrade-fortress-research-project-2\/#breadcrumb\",\"itemListElement\":[{\"@type\":\"ListItem\",\"position\":1,\"name\":\"\u041f\u043e\u0447\u0435\u0442\u043d\u0430\",\"item\":\"https:\/\/ai.ac.rs\/en\/\"},{\"@type\":\"ListItem\",\"position\":2,\"name\":\"BELGRADE FORTRESS RESEARCH PROJECT\"}]},{\"@type\":\"WebSite\",\"@id\":\"https:\/\/ai.ac.rs\/#website\",\"url\":\"https:\/\/ai.ac.rs\/\",\"name\":\"A\u0440\u0445\u0435\u043e\u043b\u043e\u0448\u043a\u0438 \u0438\u043d\u0441\u0442\u0438\u0442\u0443\u0442\",\"description\":\"Srbija\",\"publisher\":{\"@id\":\"https:\/\/ai.ac.rs\/#organization\"},\"potentialAction\":[{\"@type\":\"SearchAction\",\"target\":{\"@type\":\"EntryPoint\",\"urlTemplate\":\"https:\/\/ai.ac.rs\/?s={search_term_string}\"},\"query-input\":\"required name=search_term_string\"}],\"inLanguage\":\"en-US\"},{\"@type\":\"Organization\",\"@id\":\"https:\/\/ai.ac.rs\/#organization\",\"name\":\"A\u0440\u0445\u0435\u043e\u043b\u043e\u0448\u043a\u0438 \u0438\u043d\u0441\u0442\u0438\u0442\u0443\u0442\",\"url\":\"https:\/\/ai.ac.rs\/\",\"logo\":{\"@type\":\"ImageObject\",\"inLanguage\":\"en-US\",\"@id\":\"https:\/\/ai.ac.rs\/#\/schema\/logo\/image\/\",\"url\":\"https:\/\/ai.ac.rs\/wp-content\/uploads\/2023\/07\/f-logop.png\",\"contentUrl\":\"https:\/\/ai.ac.rs\/wp-content\/uploads\/2023\/07\/f-logop.png\",\"width\":300,\"height\":238,\"caption\":\"A\u0440\u0445\u0435\u043e\u043b\u043e\u0448\u043a\u0438 \u0438\u043d\u0441\u0442\u0438\u0442\u0443\u0442\"},\"image\":{\"@id\":\"https:\/\/ai.ac.rs\/#\/schema\/logo\/image\/\"},\"sameAs\":[\"https:\/\/www.facebook.com\/profile.php?id=100063480880081&sk\",\"https:\/\/twitter.com\/arheoinst\",\"https:\/\/www.instagram.com\/arheoloski.institut.rs\/\"]},{\"@type\":\"Person\",\"@id\":\"https:\/\/ai.ac.rs\/#\/schema\/person\/386f94fe666e3d4e71c9e002f26bc205\",\"name\":\"urednik\",\"image\":{\"@type\":\"ImageObject\",\"inLanguage\":\"en-US\",\"@id\":\"https:\/\/ai.ac.rs\/#\/schema\/person\/image\/\",\"url\":\"https:\/\/secure.gravatar.com\/avatar\/62865591ff91df9391f6c64656f59a48ead5d7a5187e14295fd642a19a97dd8a?s=96&d=mm&r=g\",\"contentUrl\":\"https:\/\/secure.gravatar.com\/avatar\/62865591ff91df9391f6c64656f59a48ead5d7a5187e14295fd642a19a97dd8a?s=96&d=mm&r=g\",\"caption\":\"urednik\"},\"url\":\"https:\/\/ai.ac.rs\/en\/author\/urednik\/\"}]}<\/script>\n<!-- \/ Yoast SEO plugin. -->","yoast_head_json":{"title":"BELGRADE FORTRESS RESEARCH PROJECT - Institute of Archaeology","robots":{"index":"index","follow":"follow","max-snippet":"max-snippet:-1","max-image-preview":"max-image-preview:large","max-video-preview":"max-video-preview:-1"},"canonical":"https:\/\/ai.ac.rs\/en\/belgrade-fortress-research-project-2\/","og_locale":"en_US","og_type":"article","og_title":"BELGRADE FORTRESS RESEARCH PROJECT - Institute of Archaeology","og_description":"Research programmes are aimed at obtaining scientific knowledge about the origin and development of the fortress and the urban settlement in the epochs of Antiquity, the Middle Ages and in later periods, up to modern times. In addition, data relevant for the conservation, restoration and revitalisation of individual buildings, sites and wider complexes within the fortress is collected. The project implements programmes of both systematic research as well as additional research associated with conservation works. Also, in cooperation with the Institute for the Protection of Cultural Monuments of Belgrade, the project is involved in protective archaeological investigations in the area of the urban zone of the Roman Singidunum.\u00a0","og_url":"https:\/\/ai.ac.rs\/en\/belgrade-fortress-research-project-2\/","og_site_name":"Institute of Archaeology","article_publisher":"https:\/\/www.facebook.com\/profile.php?id=100063480880081&sk","article_published_time":"2024-05-21T12:48:48+00:00","article_modified_time":"2024-05-28T12:25:30+00:00","og_image":[{"width":500,"height":500,"url":"https:\/\/ai.ac.rs\/wp-content\/uploads\/2023\/10\/bgdthumb.jpg","type":"image\/jpeg"}],"author":"urednik","twitter_card":"summary_large_image","twitter_creator":"@arheoinst","twitter_site":"@arheoinst","twitter_misc":{"Written by":"urednik","Est. reading time":"5 minutes"},"schema":{"@context":"https:\/\/schema.org","@graph":[{"@type":"Article","@id":"https:\/\/ai.ac.rs\/en\/belgrade-fortress-research-project-2\/#article","isPartOf":{"@id":"https:\/\/ai.ac.rs\/en\/belgrade-fortress-research-project-2\/"},"author":{"name":"urednik","@id":"https:\/\/ai.ac.rs\/#\/schema\/person\/386f94fe666e3d4e71c9e002f26bc205"},"headline":"BELGRADE FORTRESS RESEARCH PROJECT","datePublished":"2024-05-21T12:48:48+00:00","dateModified":"2024-05-28T12:25:30+00:00","mainEntityOfPage":{"@id":"https:\/\/ai.ac.rs\/en\/belgrade-fortress-research-project-2\/"},"wordCount":877,"publisher":{"@id":"https:\/\/ai.ac.rs\/#organization"},"articleSection":["The Middle Ages and the New Age"],"inLanguage":"en-US"},{"@type":"WebPage","@id":"https:\/\/ai.ac.rs\/en\/belgrade-fortress-research-project-2\/","url":"https:\/\/ai.ac.rs\/en\/belgrade-fortress-research-project-2\/","name":"BELGRADE FORTRESS RESEARCH PROJECT - Institute of Archaeology","isPartOf":{"@id":"https:\/\/ai.ac.rs\/#website"},"datePublished":"2024-05-21T12:48:48+00:00","dateModified":"2024-05-28T12:25:30+00:00","breadcrumb":{"@id":"https:\/\/ai.ac.rs\/en\/belgrade-fortress-research-project-2\/#breadcrumb"},"inLanguage":"en-US","potentialAction":[{"@type":"ReadAction","target":["https:\/\/ai.ac.rs\/en\/belgrade-fortress-research-project-2\/"]}]},{"@type":"BreadcrumbList","@id":"https:\/\/ai.ac.rs\/en\/belgrade-fortress-research-project-2\/#breadcrumb","itemListElement":[{"@type":"ListItem","position":1,"name":"\u041f\u043e\u0447\u0435\u0442\u043d\u0430","item":"https:\/\/ai.ac.rs\/en\/"},{"@type":"ListItem","position":2,"name":"BELGRADE FORTRESS RESEARCH PROJECT"}]},{"@type":"WebSite","@id":"https:\/\/ai.ac.rs\/#website","url":"https:\/\/ai.ac.rs\/","name":"A\u0440\u0445\u0435\u043e\u043b\u043e\u0448\u043a\u0438 \u0438\u043d\u0441\u0442\u0438\u0442\u0443\u0442","description":"Srbija","publisher":{"@id":"https:\/\/ai.ac.rs\/#organization"},"potentialAction":[{"@type":"SearchAction","target":{"@type":"EntryPoint","urlTemplate":"https:\/\/ai.ac.rs\/?s={search_term_string}"},"query-input":"required name=search_term_string"}],"inLanguage":"en-US"},{"@type":"Organization","@id":"https:\/\/ai.ac.rs\/#organization","name":"A\u0440\u0445\u0435\u043e\u043b\u043e\u0448\u043a\u0438 \u0438\u043d\u0441\u0442\u0438\u0442\u0443\u0442","url":"https:\/\/ai.ac.rs\/","logo":{"@type":"ImageObject","inLanguage":"en-US","@id":"https:\/\/ai.ac.rs\/#\/schema\/logo\/image\/","url":"https:\/\/ai.ac.rs\/wp-content\/uploads\/2023\/07\/f-logop.png","contentUrl":"https:\/\/ai.ac.rs\/wp-content\/uploads\/2023\/07\/f-logop.png","width":300,"height":238,"caption":"A\u0440\u0445\u0435\u043e\u043b\u043e\u0448\u043a\u0438 \u0438\u043d\u0441\u0442\u0438\u0442\u0443\u0442"},"image":{"@id":"https:\/\/ai.ac.rs\/#\/schema\/logo\/image\/"},"sameAs":["https:\/\/www.facebook.com\/profile.php?id=100063480880081&sk","https:\/\/twitter.com\/arheoinst","https:\/\/www.instagram.com\/arheoloski.institut.rs\/"]},{"@type":"Person","@id":"https:\/\/ai.ac.rs\/#\/schema\/person\/386f94fe666e3d4e71c9e002f26bc205","name":"urednik","image":{"@type":"ImageObject","inLanguage":"en-US","@id":"https:\/\/ai.ac.rs\/#\/schema\/person\/image\/","url":"https:\/\/secure.gravatar.com\/avatar\/62865591ff91df9391f6c64656f59a48ead5d7a5187e14295fd642a19a97dd8a?s=96&d=mm&r=g","contentUrl":"https:\/\/secure.gravatar.com\/avatar\/62865591ff91df9391f6c64656f59a48ead5d7a5187e14295fd642a19a97dd8a?s=96&d=mm&r=g","caption":"urednik"},"url":"https:\/\/ai.ac.rs\/en\/author\/urednik\/"}]}},"_links":{"self":[{"href":"https:\/\/ai.ac.rs\/en\/wp-json\/wp\/v2\/posts\/9446","targetHints":{"allow":["GET"]}}],"collection":[{"href":"https:\/\/ai.ac.rs\/en\/wp-json\/wp\/v2\/posts"}],"about":[{"href":"https:\/\/ai.ac.rs\/en\/wp-json\/wp\/v2\/types\/post"}],"author":[{"embeddable":true,"href":"https:\/\/ai.ac.rs\/en\/wp-json\/wp\/v2\/users\/3"}],"replies":[{"embeddable":true,"href":"https:\/\/ai.ac.rs\/en\/wp-json\/wp\/v2\/comments?post=9446"}],"version-history":[{"count":3,"href":"https:\/\/ai.ac.rs\/en\/wp-json\/wp\/v2\/posts\/9446\/revisions"}],"predecessor-version":[{"id":9816,"href":"https:\/\/ai.ac.rs\/en\/wp-json\/wp\/v2\/posts\/9446\/revisions\/9816"}],"wp:featuredmedia":[{"embeddable":true,"href":"https:\/\/ai.ac.rs\/en\/wp-json\/wp\/v2\/media\/5980"}],"wp:attachment":[{"href":"https:\/\/ai.ac.rs\/en\/wp-json\/wp\/v2\/media?parent=9446"}],"wp:term":[{"taxonomy":"category","embeddable":true,"href":"https:\/\/ai.ac.rs\/en\/wp-json\/wp\/v2\/categories?post=9446"},{"taxonomy":"post_tag","embeddable":true,"href":"https:\/\/ai.ac.rs\/en\/wp-json\/wp\/v2\/tags?post=9446"}],"curies":[{"name":"wp","href":"https:\/\/api.w.org\/{rel}","templated":true}]}}