{"id":7986,"date":"2024-02-13T05:08:48","date_gmt":"2024-02-13T04:08:48","guid":{"rendered":"https:\/\/ai.ac.rs\/?p=7986"},"modified":"2024-06-04T15:15:28","modified_gmt":"2024-06-04T14:15:28","slug":"velika-humska-cuka","status":"publish","type":"post","link":"https:\/\/ai.ac.rs\/en\/velika-humska-cuka\/","title":{"rendered":"VELIKA HUMSKA \u010cUKA"},"content":{"rendered":"<section class=\"wpb-content-wrapper\"><p>[vc_row][vc_column width=&#8221;1\/3&#8243;][vc_single_image image=&#8221;9533&#8243; img_size=&#8221;full&#8221;][\/vc_column][vc_column width=&#8221;2\/3&#8243;][vc_column_text css=&#8221;.vc_custom_1707798686820{padding-top: 20px !important;padding-right: 40px !important;padding-bottom: 30px !important;padding-left: 40px !important;background-color: #f9f9f9 !important;}&#8221;]<strong>Project name:<\/strong> Archaeological research at the Velika humska \u010duka site near Ni\u0161<\/p>\n<p><strong>Project director:<\/strong> Dr. Aleksandar Bulatovi\u0107<\/p>\n<p><strong>Team members:<\/strong> Aleksandar Kapuran, PhD, Ognjen Mladenovi\u0107, MA, Petar Milojevi\u0107, MA, Dragan Milanovi\u0107, PhD (Institute of Archaeology, Belgrade) and Tanja Trajkovi\u0107 Filipovi\u0107 (National Museum of Ni\u0161)<\/p>\n<p><strong>Collaborations:<\/strong> National Museum Ni\u0161[\/vc_column_text][\/vc_column][\/vc_row][vc_row][vc_column][vc_column_text]<\/p>\n<h3><strong>Velika humska \u010duka is a multi-layered prehistoric and classically fortified settlement on a level plateau at an altitude of 435-440 m, protected by the state as a site of great importance. Recent excavations have been conducted on all parts of the plateau and in the north-eastern foothills. New research aims to define the site&#8217;s stratigraphy and to clarify the cultural-chronological issues from previous research. During the 2020 campaign, the entire plateau was recorded using the geomagnetic prospection method. Early Eneolithic houses were built above ground with a rectangular base and are associated with numerous finds from the Bubanj Hum I group. During the excavation, all phases of the Eneolithic, Bronze and Iron Ages, and Late Antiquity have been documented.<\/strong><\/h3>\n<p>[\/vc_column_text][vc_empty_space][\/vc_column][\/vc_row][vc_row][vc_column width=&#8221;1\/2&#8243;][vc_column_text]Velika humska \u010duka is located on the north-eastern outskirts of Hum, about 8 km north of Ni\u0161. It is a multi-layered prehistoric and classically fortified settlement on a level plateau at an altitude of 435-440 m, with a Roman\/medieval cemetery at the foot. The site is protected by the state as a site of great importance.<\/p>\n<p>Except for the northern side, which connects the plateau to the nearby Mala humska \u010duka site in the lower area, all sides of the site are very steep and difficult to access. The elevation of the plateau&#8217;s highest point is about 120 m above the Humska riverbank (333 m).<\/p>\n<p>The site has visual contact with the well-known contemporary settlement of Bubanj, at a distance of about 8.5 km, and with the Kremenac site, which is about 2.5 km away. Immediately below the plateau, on its western side, at an approximately 400 m elevation, three small caves have been registered but have yet to be excavated.<\/p>\n<p>According to the plan published in 1959, the first excavations in the 1930s were located in the plateau&#8217;s centre and eastern edge. In 1956, excavations were focused on the central part of the plateau. The most recent excavations, which started in 2009, have been conducted on all parts of the plateau and in the north-eastern foothills of the site.[\/vc_column_text][\/vc_column][vc_column width=&#8221;1\/2&#8243;][vc_column_text]New research aims to define the site&#8217;s stratigraphy and clarify the cultural-chronological issues from previous research. Another critical aspect of the project is a multidisciplinary effort to examine the site from a microregional context, analyse the characteristics of the mobile finds, and define the economic strategy in different periods of prehistory. During the 2020 campaign, the entire plateau was recorded using the geomagnetic prospection method.<\/p>\n<p>The oldest, Early Eneolithic layer on the site is also the most preserved prehistoric layer, resting on the bedrock, which is one of the reasons it was the least destroyed by human activities in recent periods.<\/p>\n<p>Early Eneolithic houses were built above ground with a rectangular base of 3.5 x 5 m, oriented in a N-S direction. They are associated with numerous finds from the Bubanj Hum I group. The houses are dated from the 45<sup>th<\/sup> to the middle of the 43<sup>rd<\/sup> century B.C., while the youngest phase is dated to the 40<sup>th<\/sup>\/39<sup>th<\/sup> century\u00a0B.C.<\/p>\n<p>A copper chisel discovered in the ruins of a house and a fragment of cinnabarine pottery representing a lady in motion, both dated to the 44<sup>th<\/sup> century B.C., are the most noteworthy artifacts from the site to date.<\/p>\n<p>During the excavation of the site, all phases of the Eneolithic, Bronze and Iron Ages, and Late Antiquity have been documented in great detail.[\/vc_column_text][\/vc_column][\/vc_row][vc_row][vc_column][vc_empty_space][\/vc_column][\/vc_row][vc_row][vc_column][vc_column_text]<\/p>\n<h4><strong>Selected bibliography:<\/strong><\/h4>\n<p><b>Bulatovi\u0107, A. Milanovi\u0107, D. 2021.<\/b><span style=\"font-weight: 400;\">\u00a0The cultural and chronological context of sites of Bubanj and Velika Humska\u00a0\u010cuka near Ni\u0161 (southeastern Serbia) and their significance for understanding the emergence and development of the Central Balkans eneolithic.\u00a0<\/span><i><span style=\"font-weight: 400;\">\u0426\u0438\u0440\u043a\u0443\u043c\u043f\u043e\u043d\u0442\u0438\u043a\u0430\/Circumpontics<\/span><\/i><span style=\"font-weight: 400;\">\u00a02021\/\u00a0N\u043e. 5,\u00a0\u0441\u0435\u0440\u0438\u044f \u0418\u0441\u0442\u043e\u0440\u0438\u044f \u0438 \u043f\u043e\u043b\u0438\u0442\u0438\u0447\u0435\u0441\u043a\u0438\u0435 \u043d\u0430\u0443\u043a\u0438, \u0412\u0435\u0441\u0442\u043d\u0438\u043a \u041c\u043e\u0441\u043a\u043e\u0432\u0441\u043a\u043e\u0433\u043e \u0433\u043e\u0441\u0443\u0434\u0430\u0440\u0441\u0442\u0432\u0435\u043d\u043d\u043e\u0433\u043e \u043e\u0431\u043b\u0430\u0441\u0442\u043d\u043e\u0433\u043e \u0443\u043d\u0438\u0432\u0435\u0440\u0441\u0438\u0442\u0435\u0442\u0430, \u041c\u043e\u0441\u043a\u0432\u0430:\u00a036-64.<\/span><\/p>\n<p><b>Bulatovi\u0107, A. Gori, M. Vander Linden M. 2020.<\/b><span style=\"font-weight: 400;\">\u00a0Radiocarbon Dating the 3<\/span><span style=\"font-weight: 400;\">rd<\/span><span style=\"font-weight: 400;\">\u00a0Millennium BC in the Central Balkans: a re-examination of the Early Bronze Age sequence.\u00a0<\/span><i><span style=\"font-weight: 400;\">Radiocarbon\u00a0<\/span><\/i><span style=\"font-weight: 400;\">Vol. 62, Nr 5: 1163-1191.\u00a0<\/span><\/p>\n<p><b>Bulatovi\u0107, A. Bankoff, H. A. Powell, W. Filipovi\u0107, V. 2020.<\/b><span style=\"font-weight: 400;\">\u00a0Some remarks on the genesis of the early Eneolithic in the Central Balkans.\u00a0<\/span><i><span style=\"font-weight: 400;\">\u0421\u0442\u0430\u0440\u0438\u043d\u0430\u0440<\/span><\/i><span style=\"font-weight: 400;\">\u00a070: 9-40.\u00a0\u00a0\u00a0\u00a0<\/span><\/p>\n<p><b>Bulatovi\u0107, A. Gori, M.\u00a0Vander Linden, M.\u00a02018<\/b><span style=\"font-weight: 400;\">. New \u0410\u041c\u0405 dates as a contribution to the absolute chronology of the Early Eneolithic in the central Balkans.\u00a0<\/span><i><span style=\"font-weight: 400;\">\u0421\u0442\u0430\u0440\u0438\u043d\u0430\u0440 \u043d.\u0441.<\/span><\/i><span style=\"font-weight: 400;\">\u00a0LXVIII:\u00a019-32.<\/span><\/p>\n<p><b>\u0411\u0443\u043b\u0430\u0442\u043e\u0432\u0438\u045b, \u0410. \u041c\u0438\u043b\u0430\u043d\u043e\u0432\u0438\u045b, \u0414. 2015.<\/b><span style=\"font-weight: 400;\">\u00a0\u0412\u0435\u043b\u0438\u043a\u0430 \u0445\u0443\u043c\u0441\u043a\u0430 \u0447\u0443\u043a\u0430, \u0438\u0441\u0442\u0440\u0430\u0436\u0438\u0432\u0430\u045a\u0430 2009. \u0433\u043e\u0434\u0438\u043d\u0435 \u2013 \u043f\u0440\u0438\u043b\u043e\u0433 \u043f\u0440\u043e\u0443\u0447\u0430\u0432\u0430\u045a\u0443 \u0441\u0442\u0440\u0430\u0442\u0438\u0433\u0440\u0430\u0444\u0438\u0458\u0435 \u0435\u043d\u0435\u043e\u043b\u0438\u0442\u0430 \u0438 \u0431\u0440\u043e\u043d\u0437\u0430\u043d\u043e\u0433 \u0434\u043e\u0431\u0430 \u0443 \u0458\u0443\u0433\u043e\u0438\u0441\u0442\u043e\u0447\u043d\u043e\u0458 \u0421\u0440\u0431\u0438\u0458\u0438.\u00a0<\/span><i><span style=\"font-weight: 400;\">\u0413\u043b\u0430\u0441\u043d\u0438\u043a \u0421\u0440\u043f\u0441\u043a\u043e\u0433 \u0430\u0440\u0445\u0435\u043e\u043b\u043e\u0448\u043a\u043e\u0433 \u0434\u0440\u0443\u0448\u0442\u0432\u0430\u00a0<\/span><\/i><span style=\"font-weight: 400;\">30<\/span><i><span style=\"font-weight: 400;\">:<\/span><\/i><span style=\"font-weight: 400;\">\u00a0163-188.<\/span><\/p>\n<p><b>\u0411\u0443\u043b\u0430\u0442\u043e\u0432\u0438\u045b \u0410. \u0421\u0442\u0430\u043d\u043a\u043e\u0432\u0441\u043a\u0438, \u0408.<\/b><i><span style=\"font-weight: 400;\">\u00a0<\/span><\/i><b>2012<\/b><i><span style=\"font-weight: 400;\">. \u0411\u0440\u043e\u043d\u0437\u0430\u043d\u043e \u0434\u043e\u0431\u0430 \u0443 \u0431\u0430\u0441\u0435\u043d\u0443 \u0408\u0443\u0436\u043d\u0435 \u041c\u043e\u0440\u0430\u0432\u0435 \u0438 \u0443 \u0434\u043e\u043b\u0438\u043d\u0438 \u041f\u0447\u0438\u045a\u0435<\/span><\/i><span style=\"font-weight: 400;\">.\u00a0A\u0440\u0445\u0435\u043e\u043b\u043e\u0448\u043a\u0438 \u0438\u043d\u0441\u0442\u0438\u0442\u0443\u0442, \u0411\u0435\u043e\u0433\u0440\u0430\u0434-\u041d\u0423. \u041c\u0443\u0437\u0435\u0458, \u041a\u0443\u043c\u0430\u043d\u043e\u0432\u043e.\u00a0\u00a0\u00a0<\/span><\/p>\n<p><b>Bulatovi\u0107, \u0410.\u00a02011.<\/b><span style=\"font-weight: 400;\">\u00a0Relations between Cultural groups in the Early Bronze Age in South-eastern Serbia, Western Bulgaria and North-eastern Macedonia.\u00a0<\/span><i><span style=\"font-weight: 400;\">Archaeologia Bulgarica<\/span><\/i><span style=\"font-weight: 400;\">\u00a0XV, 2 (2011):\u00a081-94.<\/span><\/p>\n<p><b>\u0413\u0430\u0440\u0430\u0448\u0430\u043d\u0438\u043d,\u00a0M. 1973.<\/b><span style=\"font-weight: 400;\">\u00a0<\/span><i><span style=\"font-weight: 400;\">\u041f\u0440\u0430\u0438\u0441\u0442\u043e\u0440\u0438\u0458\u0430 \u043d\u0430 \u0442\u043b\u0443 \u0421\u0420 \u0421\u0440\u0431\u0438\u0458\u0435,\u00a0<\/span><\/i><span style=\"font-weight: 400;\">I<\/span><i><span style=\"font-weight: 400;\">\u00a0<\/span><\/i><span style=\"font-weight: 400;\">\u0442\u043e\u043c, \u0411\u0435\u043e\u0433\u0440\u0430\u0434: \u0421\u0440\u043f\u0441\u043a\u0430 \u043a\u045a\u0438\u0436\u0435\u0432\u043d\u0430 \u0437\u0430\u0434\u0440\u0443\u0433\u0430.<\/span><\/p>\n<p><b>Gara\u0161anin,\u00a0M<\/b><span style=\"font-weight: 400;\">.\u00a0<\/span><b>1979.<\/b><span style=\"font-weight: 400;\">\u00a0Centralnobalkanska zona, u: Benac A. (ur.), PJZ II, Sarajevo:\u00a079 \u2013 212.<\/span><\/p>\n<p><b>Gara\u0161anin,\u00a0\u041c.\u00a01986.<\/b><span style=\"font-weight: 400;\">\u00a0O utvr\u0111enjima i odbrambenim sistemima u jugoslovenskom delu centralnobalkanske regije.<\/span><i><span style=\"font-weight: 400;\">Odbrambeni sistemi u praistoriji i antici na tlu Jugoslavije<\/span><\/i><span style=\"font-weight: 400;\">,\u00a0Materijali XXII. Novi Sad: Savez arheolo\u0161kih dru\u0161tava Jugoslavije, Arheolo\u0161ko dru\u0161tvo Vojvodine.<\/span><\/p>\n<p><b>\u0413\u0430\u0440\u0430\u0448\u0430\u043d\u0438\u043d,\u00a0M.\u00a0\u0413\u0430\u0440\u0430\u0448\u0430\u043d\u0438\u043d,\u00a0\u0414. 1951.<\/b><i><span style=\"font-weight: 400;\">\u00a0\u0410\u0440\u0445\u0435\u043e\u043b\u043e\u0448\u043a\u0430\u00a0\u043d\u0430\u043b\u0430\u0437\u0438\u0448\u0442\u0430\u00a0\u0443\u00a0\u0421\u0440\u0431\u0438\u0458\u0438<\/span><\/i><span style=\"font-weight: 400;\">,\u00a0\u0411\u0435\u043e\u0433\u0440\u0430\u0434:\u00a0\u041f\u0440\u043e\u0441\u0432\u0435\u0442\u0430.<\/span><\/p>\n<p><b>\u0413\u0430\u0440\u0430\u0448\u0430\u043d\u0438\u043d,\u00a0M.\u00a0\u0413\u0430\u0440\u0430\u0448\u0430\u043d\u0438\u043d, \u0414.,\u00a01959.<\/b><span style=\"font-weight: 400;\">\u00a0\u041d\u043e\u0432\u0430 \u0438\u0441\u043a\u043e\u043f\u0430\u0432\u0430\u045a\u0430 \u043d\u0430 \u0412\u0435\u043b\u0438\u043a\u043e\u0458 \u0425\u0443\u043c\u0441\u043a\u043e\u0458 \u0427\u0443\u043a\u0438 \u043a\u043e\u0434 \u041d\u0438\u0448\u0430.\u00a0<\/span><i><span style=\"font-weight: 400;\">\u0421\u0442\u0430\u0440\u0438\u043d\u0430\u0440<\/span><\/i><span style=\"font-weight: 400;\">\u00a09-10:\u00a0243-254.<\/span><\/p>\n<p><b>\u0413\u0430\u0440\u0430\u0448\u0430\u043d\u0438\u043d,\u00a0M.\u00a0\u0402\u0443\u0440\u0438\u045b,\u00a0\u041d.\u00a01983.<\/b><span style=\"font-weight: 400;\">\u00a0<\/span><i><span style=\"font-weight: 400;\">\u0411\u0443\u0431\u0430\u045a \u0438 \u0412\u0435\u043b\u0438\u043a\u0430 \u0445\u0443\u043c\u0441\u043a\u0430 \u0447\u0443\u043a\u0430<\/span><\/i><span style=\"font-weight: 400;\">, \u041d\u0438\u0448:\u00a0\u041d\u0430\u0440\u043e\u0434\u043d\u0438\u00a0\u043c\u0443\u0437\u0435\u0458\u00a0\u041d\u0438\u0448.<\/span><\/p>\n<p><b>\u0413\u0440\u0431\u0438\u045b, \u041c. 1934.\u00a0\u00a0<\/b><span style=\"font-weight: 400;\">\u0418\u0437\u0432\u0435\u0448\u0442\u0430\u0458,\u00a0<\/span><i><span style=\"font-weight: 400;\">\u0413\u043e\u0434\u0438\u0448\u045a\u0430\u043a \u0421\u0440\u043f\u0441\u043a\u0435 \u041a\u0440\u0430\u0459\u0435\u0432\u0441\u043a\u0435 \u0410\u043a\u0430\u0434\u0435\u043c\u0438\u0458\u0435<\/span><\/i><span style=\"font-weight: 400;\">\u00a0XI, III:\u00a0245-246.<\/span><b>Fewkes, V. 1936.<\/b><span style=\"font-weight: 400;\">\u00a0Archaeological reconnaissance in Yugoslavia, season 1933.\u00a0<\/span><i><span style=\"font-weight: 400;\">Bulletin of the American\u00a0school of prehistoric research<\/span><\/i><span style=\"font-weight: 400;\">:\u00a031.\u00a0<\/span>[\/vc_column_text][\/vc_column][\/vc_row][vc_row css=&#8221;.vc_custom_1529917889058{padding-top: 10px !important;padding-bottom: 25px !important;}&#8221;][vc_column][vc_empty_space][vc_gallery type=&#8221;flexslider_slide&#8221; interval=&#8221;3&#8243; images=&#8221;9545,9543,9541,9539,9537,9535,9533&#8243; img_size=&#8221;large&#8221;][\/vc_column][\/vc_row][vc_row css=&#8221;.vc_custom_1529917889058{padding-top: 10px !important;padding-bottom: 25px !important;}&#8221;][vc_column]<div class=\"eltdf-section-title-holder  eltdf-st-standard eltdf-st-title-left eltdf-st-normal-space \" >\n\t<div class=\"eltdf-st-inner\">\n\t\t\t\t\t<h3 class=\"eltdf-st-title\" >\n\t\t\t\t\u0421\u0430\u0440\u0430\u0434\u043d\u0438\u0446\u0438\t\t\t<\/h3>\n\t\t\t\t\t\t\t<\/div>\n<\/div>[vc_empty_space]<div class=\"eltdf-instructor-slider-holder info-\"><div class=\"eltdf-instructor-list-holder eltdf-grid-list eltdf-disable-bottom-space clearfix eltdf-four-columns eltdf-small-space\" data-number-of-columns=\"3\" data-enable-navigation=\"yes\" data-enable-pagination=\"yes\">\n\t<div class=\"eltdf-tl-inner eltdf-outer-space eltdf-owl-slider eltdf-list-is-slider\" >\n\t\t<div class=\"eltdf-instructor eltdf-item-space info-bellow \">\t<div class=\"eltdf-instructor-inner\">\t\t\t\t\t<div class=\"eltdf-instructor-image\">\t\t\t\t<a itemprop=\"url\" href=\"https:\/\/ai.ac.rs\/en\/instructor\/ma-petar-milojevic\/\">\t\t\t\t\t<img loading=\"lazy\" decoding=\"async\" width=\"300\" height=\"300\" src=\"https:\/\/ai.ac.rs\/wp-content\/uploads\/2023\/10\/petar-milojevic.jpg\" class=\"attachment-full size-full wp-post-image\" alt=\"\" srcset=\"https:\/\/ai.ac.rs\/wp-content\/uploads\/2023\/10\/petar-milojevic.jpg 300w, https:\/\/ai.ac.rs\/wp-content\/uploads\/2023\/10\/petar-milojevic-150x150.jpg 150w, https:\/\/ai.ac.rs\/wp-content\/uploads\/2023\/10\/petar-milojevic-100x100.jpg 100w\" sizes=\"auto, (max-width: 300px) 100vw, 300px\" \/>\t\t\t\t<\/a>\t\t\t<\/div>\t\t\t\t<div class=\"eltdf-instructor-info\">\t\t\t<div class=\"eltdf-instructor-title-holder\">\t\t\t\t<h4 itemprop=\"name\" class=\"eltdf-instructor-name entry-title\">\t\t\t\t\t<a itemprop=\"url\" href=\"https:\/\/ai.ac.rs\/en\/instructor\/ma-petar-milojevic\/\">Dr Petar Milojevi\u0107<\/a>\t\t\t\t<\/h4>\t\t\t\t\t\t\t\t\t\t\t\t\t<h6 class=\"eltdf-instructor-position\">Research Associate<\/h6>\t\t\t\t\t\t\t<\/div>\t\t\t\t\t\t\t<div class=\"eltdf-instructor-text\">\t\t\t\t\t<div class=\"eltdf-instructor-text-inner\">\t\t\t\t\t\t<div class=\"eltdf-instructor-description\">\t\t\t\t\t\t\t<p itemprop=\"description\" class=\"eltdf-instructor-excerpt\">[vc_row][vc_column][vc_column_text]Interests and methodology of research &nbsp; Petar Milojevi\u0107 researches the settlements and patterns of settlements from the Copper and Iron Age. He is also interested in the material culture, social organisation, paleo economic tendencies and technological development of the prehistoric populations of the Central Balkans. &nbsp; Education &nbsp; 2023 \u2013 PhD degree in Archaeology. Faculty of [&hellip;]<\/p>\t\t\t\t\t\t<\/div>\t\t\t\t\t<\/div>\t\t\t\t<\/div>\t\t\t\t\t\t<div class=\"eltdf-instructor-social-holder-between\">\t\t\t\t<div class=\"eltdf-instructor-social\">\t\t\t\t\t<div class=\"eltdf-instructor-social-inner\">\t\t\t\t\t\t<div class=\"eltdf-instructor-social-wrapp\">\t\t\t\t\t\t\t\t\t\t\t\t\t<\/div>\t\t\t\t\t<\/div>\t\t\t\t<\/div>\t\t\t<\/div>\t\t<\/div>\t<\/div><\/div><div class=\"eltdf-instructor eltdf-item-space info-bellow \">\t<div class=\"eltdf-instructor-inner\">\t\t\t\t\t<div class=\"eltdf-instructor-image\">\t\t\t\t<a itemprop=\"url\" href=\"https:\/\/ai.ac.rs\/en\/instructor\/dr-dragan-milanovic\/\">\t\t\t\t\t<img loading=\"lazy\" decoding=\"async\" width=\"300\" height=\"300\" src=\"https:\/\/ai.ac.rs\/wp-content\/uploads\/2023\/10\/dragan-milanovic.jpg\" class=\"attachment-full size-full wp-post-image\" alt=\"\" srcset=\"https:\/\/ai.ac.rs\/wp-content\/uploads\/2023\/10\/dragan-milanovic.jpg 300w, https:\/\/ai.ac.rs\/wp-content\/uploads\/2023\/10\/dragan-milanovic-150x150.jpg 150w, https:\/\/ai.ac.rs\/wp-content\/uploads\/2023\/10\/dragan-milanovic-100x100.jpg 100w\" sizes=\"auto, (max-width: 300px) 100vw, 300px\" \/>\t\t\t\t<\/a>\t\t\t<\/div>\t\t\t\t<div class=\"eltdf-instructor-info\">\t\t\t<div class=\"eltdf-instructor-title-holder\">\t\t\t\t<h4 itemprop=\"name\" class=\"eltdf-instructor-name entry-title\">\t\t\t\t\t<a itemprop=\"url\" href=\"https:\/\/ai.ac.rs\/en\/instructor\/dr-dragan-milanovic\/\">Dr Dragan Milanovi\u0107<\/a>\t\t\t\t<\/h4>\t\t\t\t\t\t\t\t\t\t\t\t\t<h6 class=\"eltdf-instructor-position\">Senior Research Associate<\/h6>\t\t\t\t\t\t\t<\/div>\t\t\t\t\t\t\t<div class=\"eltdf-instructor-text\">\t\t\t\t\t<div class=\"eltdf-instructor-text-inner\">\t\t\t\t\t\t<div class=\"eltdf-instructor-description\">\t\t\t\t\t\t\t<p itemprop=\"description\" class=\"eltdf-instructor-excerpt\">[vc_row][vc_column][vc_column_text]Interests and methodology of research &nbsp; Dr Dragan Milanovi\u0107 is dedicated to the research of the socio-economic processes that led to the disintegration of Neolithic and formation of Eneolithic cultures on the Balkan Peninsula. Dr Milanovi\u0107 is also dedicated to the observation of similar processes in the 5th and the 4th millennium B. C. on the [&hellip;]<\/p>\t\t\t\t\t\t<\/div>\t\t\t\t\t<\/div>\t\t\t\t<\/div>\t\t\t\t\t\t<div class=\"eltdf-instructor-social-holder-between\">\t\t\t\t<div class=\"eltdf-instructor-social\">\t\t\t\t\t<div class=\"eltdf-instructor-social-inner\">\t\t\t\t\t\t<div class=\"eltdf-instructor-social-wrapp\">\t\t\t\t\t\t\t\t\t\t\t\t\t<\/div>\t\t\t\t\t<\/div>\t\t\t\t<\/div>\t\t\t<\/div>\t\t<\/div>\t<\/div><\/div><div class=\"eltdf-instructor eltdf-item-space info-bellow \">\t<div class=\"eltdf-instructor-inner\">\t\t\t\t\t<div class=\"eltdf-instructor-image\">\t\t\t\t<a itemprop=\"url\" href=\"https:\/\/ai.ac.rs\/en\/instructor\/dr-ivan-vranic\/\">\t\t\t\t\t<img loading=\"lazy\" decoding=\"async\" width=\"300\" height=\"300\" src=\"https:\/\/ai.ac.rs\/wp-content\/uploads\/2023\/10\/ivan-vranic.jpg\" class=\"attachment-full size-full wp-post-image\" alt=\"\" srcset=\"https:\/\/ai.ac.rs\/wp-content\/uploads\/2023\/10\/ivan-vranic.jpg 300w, https:\/\/ai.ac.rs\/wp-content\/uploads\/2023\/10\/ivan-vranic-150x150.jpg 150w, https:\/\/ai.ac.rs\/wp-content\/uploads\/2023\/10\/ivan-vranic-100x100.jpg 100w\" sizes=\"auto, (max-width: 300px) 100vw, 300px\" \/>\t\t\t\t<\/a>\t\t\t<\/div>\t\t\t\t<div class=\"eltdf-instructor-info\">\t\t\t<div class=\"eltdf-instructor-title-holder\">\t\t\t\t<h4 itemprop=\"name\" class=\"eltdf-instructor-name entry-title\">\t\t\t\t\t<a itemprop=\"url\" href=\"https:\/\/ai.ac.rs\/en\/instructor\/dr-ivan-vranic\/\">Dr Ivan Vrani\u0107<\/a>\t\t\t\t<\/h4>\t\t\t\t\t\t\t\t\t\t\t\t\t<h6 class=\"eltdf-instructor-position\">Senior Research Associate<\/h6>\t\t\t\t\t\t\t<\/div>\t\t\t\t\t\t\t<div class=\"eltdf-instructor-text\">\t\t\t\t\t<div class=\"eltdf-instructor-text-inner\">\t\t\t\t\t\t<div class=\"eltdf-instructor-description\">\t\t\t\t\t\t\t<p itemprop=\"description\" class=\"eltdf-instructor-excerpt\">[vc_row][vc_column][vc_column_text]Interests and methodology of research &nbsp; Dr Ivan Vrani\u0107 researches cultural contacts and social, political and economic relationships of Iron Age communities from the Balkans and antique Greece. The research that Dr Vrani\u0107 conducts is focused on the locality of Kale in Kr\u0161evica and numerous fortified \u201cHellenistic settlements\u201d in the Balkans\u2019 interior, which were built with [&hellip;]<\/p>\t\t\t\t\t\t<\/div>\t\t\t\t\t<\/div>\t\t\t\t<\/div>\t\t\t\t\t\t<div class=\"eltdf-instructor-social-holder-between\">\t\t\t\t<div class=\"eltdf-instructor-social\">\t\t\t\t\t<div class=\"eltdf-instructor-social-inner\">\t\t\t\t\t\t<div class=\"eltdf-instructor-social-wrapp\">\t\t\t\t\t\t\t\t\t\t\t\t\t<\/div>\t\t\t\t\t<\/div>\t\t\t\t<\/div>\t\t\t<\/div>\t\t<\/div>\t<\/div><\/div><div class=\"eltdf-instructor eltdf-item-space info-bellow \">\t<div class=\"eltdf-instructor-inner\">\t\t\t\t\t<div class=\"eltdf-instructor-image\">\t\t\t\t<a itemprop=\"url\" href=\"https:\/\/ai.ac.rs\/en\/instructor\/dr-aleksandar-kapuran\/\">\t\t\t\t\t<img loading=\"lazy\" decoding=\"async\" width=\"300\" height=\"300\" src=\"https:\/\/ai.ac.rs\/wp-content\/uploads\/2023\/10\/300_aleksandar.kapuran.jpg\" class=\"attachment-full size-full wp-post-image\" alt=\"\" srcset=\"https:\/\/ai.ac.rs\/wp-content\/uploads\/2023\/10\/300_aleksandar.kapuran.jpg 300w, https:\/\/ai.ac.rs\/wp-content\/uploads\/2023\/10\/300_aleksandar.kapuran-150x150.jpg 150w, https:\/\/ai.ac.rs\/wp-content\/uploads\/2023\/10\/300_aleksandar.kapuran-100x100.jpg 100w\" sizes=\"auto, (max-width: 300px) 100vw, 300px\" \/>\t\t\t\t<\/a>\t\t\t<\/div>\t\t\t\t<div class=\"eltdf-instructor-info\">\t\t\t<div class=\"eltdf-instructor-title-holder\">\t\t\t\t<h4 itemprop=\"name\" class=\"eltdf-instructor-name entry-title\">\t\t\t\t\t<a itemprop=\"url\" href=\"https:\/\/ai.ac.rs\/en\/instructor\/dr-aleksandar-kapuran\/\">Dr Aleksandar Kapuran<\/a>\t\t\t\t<\/h4>\t\t\t\t\t\t\t\t\t\t\t\t\t<h6 class=\"eltdf-instructor-position\">Principal Research Fellow<\/h6>\t\t\t\t\t\t\t<\/div>\t\t\t\t\t\t\t<div class=\"eltdf-instructor-text\">\t\t\t\t\t<div class=\"eltdf-instructor-text-inner\">\t\t\t\t\t\t<div class=\"eltdf-instructor-description\">\t\t\t\t\t\t\t<p itemprop=\"description\" class=\"eltdf-instructor-excerpt\">[vc_row][vc_column][vc_column_text]Interests and methodology of research &nbsp; Archaeology of Prehistory, Copper, Bronze and Iron age, early metallurgy of copper and bronze &nbsp; Education &nbsp; 2011 &#8211; Doctoral thesis in Archaeology. Faculty of Philosophy, University of Belgrade, PhD: Topography of settlements from Metal Ages in north-eastern Serbia 2007 \u2013 Master\u2019s thesis in Archaeology. Faculty of Philosophy, University of [&hellip;]<\/p>\t\t\t\t\t\t<\/div>\t\t\t\t\t<\/div>\t\t\t\t<\/div>\t\t\t\t\t\t<div class=\"eltdf-instructor-social-holder-between\">\t\t\t\t<div class=\"eltdf-instructor-social\">\t\t\t\t\t<div class=\"eltdf-instructor-social-inner\">\t\t\t\t\t\t<div class=\"eltdf-instructor-social-wrapp\">\t\t\t\t\t\t\t\t\t\t\t\t\t<\/div>\t\t\t\t\t<\/div>\t\t\t\t<\/div>\t\t\t<\/div>\t\t<\/div>\t<\/div><\/div><div class=\"eltdf-instructor eltdf-item-space info-bellow \">\t<div class=\"eltdf-instructor-inner\">\t\t\t\t\t<div class=\"eltdf-instructor-image\">\t\t\t\t<a itemprop=\"url\" href=\"https:\/\/ai.ac.rs\/en\/instructor\/dr-aleksandar-bulatovic\/\">\t\t\t\t\t<img loading=\"lazy\" decoding=\"async\" width=\"300\" height=\"300\" src=\"https:\/\/ai.ac.rs\/wp-content\/uploads\/2023\/10\/aleksandar-bulatovic.jpg\" class=\"attachment-full size-full wp-post-image\" alt=\"\" srcset=\"https:\/\/ai.ac.rs\/wp-content\/uploads\/2023\/10\/aleksandar-bulatovic.jpg 300w, https:\/\/ai.ac.rs\/wp-content\/uploads\/2023\/10\/aleksandar-bulatovic-150x150.jpg 150w, https:\/\/ai.ac.rs\/wp-content\/uploads\/2023\/10\/aleksandar-bulatovic-100x100.jpg 100w\" sizes=\"auto, (max-width: 300px) 100vw, 300px\" \/>\t\t\t\t<\/a>\t\t\t<\/div>\t\t\t\t<div class=\"eltdf-instructor-info\">\t\t\t<div class=\"eltdf-instructor-title-holder\">\t\t\t\t<h4 itemprop=\"name\" class=\"eltdf-instructor-name entry-title\">\t\t\t\t\t<a itemprop=\"url\" href=\"https:\/\/ai.ac.rs\/en\/instructor\/dr-aleksandar-bulatovic\/\">Dr Aleksandar Bulatovi\u0107<\/a>\t\t\t\t<\/h4>\t\t\t\t\t\t\t\t\t\t\t\t\t<h6 class=\"eltdf-instructor-position\">Principal Research Fellow<\/h6>\t\t\t\t\t\t\t<\/div>\t\t\t\t\t\t\t<div class=\"eltdf-instructor-text\">\t\t\t\t\t<div class=\"eltdf-instructor-text-inner\">\t\t\t\t\t\t<div class=\"eltdf-instructor-description\">\t\t\t\t\t\t\t<p itemprop=\"description\" class=\"eltdf-instructor-excerpt\">[vc_row][vc_column][vc_column_text]Interests and methodology of research &nbsp; Dr Aleksandar Bulatovi\u0107 researches interactions of Central Balkan populations in the Eneolithic and copper age, ritual and spiritual life in prehistory and early history period, and the absolute chronology of the Metal Ages period. &nbsp; Education &nbsp; 2008 &#8211; Doctoral thesis in Archaeology. Faculty of Philosophy, University of Belgrade, PhD: [&hellip;]<\/p>\t\t\t\t\t\t<\/div>\t\t\t\t\t<\/div>\t\t\t\t<\/div>\t\t\t\t\t\t<div class=\"eltdf-instructor-social-holder-between\">\t\t\t\t<div class=\"eltdf-instructor-social\">\t\t\t\t\t<div class=\"eltdf-instructor-social-inner\">\t\t\t\t\t\t<div class=\"eltdf-instructor-social-wrapp\">\t\t\t\t\t\t\t\t\t\t\t\t\t<\/div>\t\t\t\t\t<\/div>\t\t\t\t<\/div>\t\t\t<\/div>\t\t<\/div>\t<\/div><\/div>\t<\/div>\n<\/div><\/div>[\/vc_column][\/vc_row]<\/p>\n<\/section>","protected":false},"excerpt":{"rendered":"<p>[vc_row][vc_column width=&#8221;1\/3&#8243;][vc_single_image image=&#8221;9533&#8243; img_size=&#8221;full&#8221;][\/vc_column][vc_column width=&#8221;2\/3&#8243;][vc_column_text css=&#8221;.vc_custom_1707798686820{padding-top: 20px !important;padding-right: 40px !important;padding-bottom: 30px !important;padding-left: 40px !important;background-color: #f9f9f9 !important;}&#8221;]Project name: Archaeological research at the Velika humska \u010duka site near Ni\u0161 Project director: Dr. Aleksandar Bulatovi\u0107 Team members: Aleksandar Kapuran, PhD, Ognjen Mladenovi\u0107, MA, Petar Milojevi\u0107, MA, Dragan Milanovi\u0107, PhD (Institute of Archaeology, Belgrade) and Tanja Trajkovi\u0107 Filipovi\u0107 (National Museum [&hellip;]<\/p>\n","protected":false},"author":8,"featured_media":9583,"comment_status":"closed","ping_status":"open","sticky":false,"template":"","format":"standard","meta":{"_bbp_topic_count":0,"_bbp_reply_count":0,"_bbp_total_topic_count":0,"_bbp_total_reply_count":0,"_bbp_voice_count":0,"_bbp_anonymous_reply_count":0,"_bbp_topic_count_hidden":0,"_bbp_reply_count_hidden":0,"_bbp_forum_subforum_count":0,"inline_featured_image":false,"footnotes":""},"categories":[186,233],"tags":[],"class_list":["post-7986","post","type-post","status-publish","format-standard","has-post-thumbnail","hentry","category-prehistory","category-metalna-doba-en"],"yoast_head":"<!-- This site is optimized with the Yoast SEO plugin v22.0 - https:\/\/yoast.com\/wordpress\/plugins\/seo\/ -->\n<title>VELIKA HUMSKA \u010cUKA - Institute of Archaeology<\/title>\n<meta name=\"robots\" content=\"index, follow, max-snippet:-1, max-image-preview:large, max-video-preview:-1\" \/>\n<link rel=\"canonical\" href=\"https:\/\/ai.ac.rs\/en\/velika-humska-cuka\/\" \/>\n<meta property=\"og:locale\" content=\"en_US\" \/>\n<meta property=\"og:type\" content=\"article\" \/>\n<meta property=\"og:title\" content=\"VELIKA HUMSKA \u010cUKA - Institute of Archaeology\" \/>\n<meta property=\"og:description\" content=\"[vc_row][vc_column width=&#8221;1\/3&#8243;][vc_single_image image=&#8221;9533&#8243; img_size=&#8221;full&#8221;][\/vc_column][vc_column width=&#8221;2\/3&#8243;][vc_column_text css=&#8221;.vc_custom_1707798686820{padding-top: 20px !important;padding-right: 40px !important;padding-bottom: 30px !important;padding-left: 40px !important;background-color: #f9f9f9 !important;}&#8221;]Project name: Archaeological research at the Velika humska \u010duka site near Ni\u0161 Project director: Dr. Aleksandar Bulatovi\u0107 Team members: Aleksandar Kapuran, PhD, Ognjen Mladenovi\u0107, MA, Petar Milojevi\u0107, MA, Dragan Milanovi\u0107, PhD (Institute of Archaeology, Belgrade) and Tanja Trajkovi\u0107 Filipovi\u0107 (National Museum [&hellip;]\" \/>\n<meta property=\"og:url\" content=\"https:\/\/ai.ac.rs\/en\/velika-humska-cuka\/\" \/>\n<meta property=\"og:site_name\" content=\"Institute of Archaeology\" \/>\n<meta property=\"article:publisher\" content=\"https:\/\/www.facebook.com\/profile.php?id=100063480880081&amp;sk\" \/>\n<meta property=\"article:published_time\" content=\"2024-02-13T04:08:48+00:00\" \/>\n<meta property=\"article:modified_time\" content=\"2024-06-04T14:15:28+00:00\" \/>\n<meta property=\"og:image\" content=\"https:\/\/ai.ac.rs\/wp-content\/uploads\/2024\/02\/velika-humska-cuka-2019-ostaci-kuce-4-1.jpg\" \/>\n\t<meta property=\"og:image:width\" content=\"512\" \/>\n\t<meta property=\"og:image:height\" content=\"512\" \/>\n\t<meta property=\"og:image:type\" content=\"image\/jpeg\" \/>\n<meta name=\"author\" content=\"Danica Mihailovi\u0107\" \/>\n<meta name=\"twitter:card\" content=\"summary_large_image\" \/>\n<meta name=\"twitter:creator\" content=\"@arheoinst\" \/>\n<meta name=\"twitter:site\" content=\"@arheoinst\" \/>\n<meta name=\"twitter:label1\" content=\"Written by\" \/>\n\t<meta name=\"twitter:data1\" content=\"Danica Mihailovi\u0107\" \/>\n\t<meta name=\"twitter:label2\" content=\"Est. reading time\" \/>\n\t<meta name=\"twitter:data2\" content=\"6 minutes\" \/>\n<script type=\"application\/ld+json\" class=\"yoast-schema-graph\">{\"@context\":\"https:\/\/schema.org\",\"@graph\":[{\"@type\":\"Article\",\"@id\":\"https:\/\/ai.ac.rs\/en\/velika-humska-cuka\/#article\",\"isPartOf\":{\"@id\":\"https:\/\/ai.ac.rs\/en\/velika-humska-cuka\/\"},\"author\":{\"name\":\"Danica Mihailovi\u0107\",\"@id\":\"https:\/\/ai.ac.rs\/#\/schema\/person\/cdbdee10670d8f9920dd82ebab72f419\"},\"headline\":\"VELIKA HUMSKA \u010cUKA\",\"datePublished\":\"2024-02-13T04:08:48+00:00\",\"dateModified\":\"2024-06-04T14:15:28+00:00\",\"mainEntityOfPage\":{\"@id\":\"https:\/\/ai.ac.rs\/en\/velika-humska-cuka\/\"},\"wordCount\":1156,\"publisher\":{\"@id\":\"https:\/\/ai.ac.rs\/#organization\"},\"articleSection\":[\"Prehistory\",\"\u041c\u0435\u0442\u0430\u043b\u043d\u0430 \u0434\u043e\u0431\u0430\"],\"inLanguage\":\"en-US\"},{\"@type\":\"WebPage\",\"@id\":\"https:\/\/ai.ac.rs\/en\/velika-humska-cuka\/\",\"url\":\"https:\/\/ai.ac.rs\/en\/velika-humska-cuka\/\",\"name\":\"VELIKA HUMSKA \u010cUKA - Institute of Archaeology\",\"isPartOf\":{\"@id\":\"https:\/\/ai.ac.rs\/#website\"},\"datePublished\":\"2024-02-13T04:08:48+00:00\",\"dateModified\":\"2024-06-04T14:15:28+00:00\",\"breadcrumb\":{\"@id\":\"https:\/\/ai.ac.rs\/en\/velika-humska-cuka\/#breadcrumb\"},\"inLanguage\":\"en-US\",\"potentialAction\":[{\"@type\":\"ReadAction\",\"target\":[\"https:\/\/ai.ac.rs\/en\/velika-humska-cuka\/\"]}]},{\"@type\":\"BreadcrumbList\",\"@id\":\"https:\/\/ai.ac.rs\/en\/velika-humska-cuka\/#breadcrumb\",\"itemListElement\":[{\"@type\":\"ListItem\",\"position\":1,\"name\":\"\u041f\u043e\u0447\u0435\u0442\u043d\u0430\",\"item\":\"https:\/\/ai.ac.rs\/en\/\"},{\"@type\":\"ListItem\",\"position\":2,\"name\":\"VELIKA HUMSKA \u010cUKA\"}]},{\"@type\":\"WebSite\",\"@id\":\"https:\/\/ai.ac.rs\/#website\",\"url\":\"https:\/\/ai.ac.rs\/\",\"name\":\"A\u0440\u0445\u0435\u043e\u043b\u043e\u0448\u043a\u0438 \u0438\u043d\u0441\u0442\u0438\u0442\u0443\u0442\",\"description\":\"Srbija\",\"publisher\":{\"@id\":\"https:\/\/ai.ac.rs\/#organization\"},\"potentialAction\":[{\"@type\":\"SearchAction\",\"target\":{\"@type\":\"EntryPoint\",\"urlTemplate\":\"https:\/\/ai.ac.rs\/?s={search_term_string}\"},\"query-input\":\"required name=search_term_string\"}],\"inLanguage\":\"en-US\"},{\"@type\":\"Organization\",\"@id\":\"https:\/\/ai.ac.rs\/#organization\",\"name\":\"A\u0440\u0445\u0435\u043e\u043b\u043e\u0448\u043a\u0438 \u0438\u043d\u0441\u0442\u0438\u0442\u0443\u0442\",\"url\":\"https:\/\/ai.ac.rs\/\",\"logo\":{\"@type\":\"ImageObject\",\"inLanguage\":\"en-US\",\"@id\":\"https:\/\/ai.ac.rs\/#\/schema\/logo\/image\/\",\"url\":\"https:\/\/ai.ac.rs\/wp-content\/uploads\/2023\/07\/f-logop.png\",\"contentUrl\":\"https:\/\/ai.ac.rs\/wp-content\/uploads\/2023\/07\/f-logop.png\",\"width\":300,\"height\":238,\"caption\":\"A\u0440\u0445\u0435\u043e\u043b\u043e\u0448\u043a\u0438 \u0438\u043d\u0441\u0442\u0438\u0442\u0443\u0442\"},\"image\":{\"@id\":\"https:\/\/ai.ac.rs\/#\/schema\/logo\/image\/\"},\"sameAs\":[\"https:\/\/www.facebook.com\/profile.php?id=100063480880081&sk\",\"https:\/\/twitter.com\/arheoinst\",\"https:\/\/www.instagram.com\/arheoloski.institut.rs\/\"]},{\"@type\":\"Person\",\"@id\":\"https:\/\/ai.ac.rs\/#\/schema\/person\/cdbdee10670d8f9920dd82ebab72f419\",\"name\":\"Danica Mihailovi\u0107\",\"image\":{\"@type\":\"ImageObject\",\"inLanguage\":\"en-US\",\"@id\":\"https:\/\/ai.ac.rs\/#\/schema\/person\/image\/\",\"url\":\"https:\/\/secure.gravatar.com\/avatar\/8f1f21e21b2a0032fa57d61d550286ef4a7b2f1cd14116ff530546a0f30e9afe?s=96&d=mm&r=g\",\"contentUrl\":\"https:\/\/secure.gravatar.com\/avatar\/8f1f21e21b2a0032fa57d61d550286ef4a7b2f1cd14116ff530546a0f30e9afe?s=96&d=mm&r=g\",\"caption\":\"Danica Mihailovi\u0107\"},\"url\":\"https:\/\/ai.ac.rs\/en\/author\/dmihailovic\/\"}]}<\/script>\n<!-- \/ Yoast SEO plugin. -->","yoast_head_json":{"title":"VELIKA HUMSKA \u010cUKA - Institute of Archaeology","robots":{"index":"index","follow":"follow","max-snippet":"max-snippet:-1","max-image-preview":"max-image-preview:large","max-video-preview":"max-video-preview:-1"},"canonical":"https:\/\/ai.ac.rs\/en\/velika-humska-cuka\/","og_locale":"en_US","og_type":"article","og_title":"VELIKA HUMSKA \u010cUKA - Institute of Archaeology","og_description":"[vc_row][vc_column width=&#8221;1\/3&#8243;][vc_single_image image=&#8221;9533&#8243; img_size=&#8221;full&#8221;][\/vc_column][vc_column width=&#8221;2\/3&#8243;][vc_column_text css=&#8221;.vc_custom_1707798686820{padding-top: 20px !important;padding-right: 40px !important;padding-bottom: 30px !important;padding-left: 40px !important;background-color: #f9f9f9 !important;}&#8221;]Project name: Archaeological research at the Velika humska \u010duka site near Ni\u0161 Project director: Dr. Aleksandar Bulatovi\u0107 Team members: Aleksandar Kapuran, PhD, Ognjen Mladenovi\u0107, MA, Petar Milojevi\u0107, MA, Dragan Milanovi\u0107, PhD (Institute of Archaeology, Belgrade) and Tanja Trajkovi\u0107 Filipovi\u0107 (National Museum [&hellip;]","og_url":"https:\/\/ai.ac.rs\/en\/velika-humska-cuka\/","og_site_name":"Institute of Archaeology","article_publisher":"https:\/\/www.facebook.com\/profile.php?id=100063480880081&sk","article_published_time":"2024-02-13T04:08:48+00:00","article_modified_time":"2024-06-04T14:15:28+00:00","og_image":[{"width":512,"height":512,"url":"https:\/\/ai.ac.rs\/wp-content\/uploads\/2024\/02\/velika-humska-cuka-2019-ostaci-kuce-4-1.jpg","type":"image\/jpeg"}],"author":"Danica Mihailovi\u0107","twitter_card":"summary_large_image","twitter_creator":"@arheoinst","twitter_site":"@arheoinst","twitter_misc":{"Written by":"Danica Mihailovi\u0107","Est. reading time":"6 minutes"},"schema":{"@context":"https:\/\/schema.org","@graph":[{"@type":"Article","@id":"https:\/\/ai.ac.rs\/en\/velika-humska-cuka\/#article","isPartOf":{"@id":"https:\/\/ai.ac.rs\/en\/velika-humska-cuka\/"},"author":{"name":"Danica Mihailovi\u0107","@id":"https:\/\/ai.ac.rs\/#\/schema\/person\/cdbdee10670d8f9920dd82ebab72f419"},"headline":"VELIKA HUMSKA \u010cUKA","datePublished":"2024-02-13T04:08:48+00:00","dateModified":"2024-06-04T14:15:28+00:00","mainEntityOfPage":{"@id":"https:\/\/ai.ac.rs\/en\/velika-humska-cuka\/"},"wordCount":1156,"publisher":{"@id":"https:\/\/ai.ac.rs\/#organization"},"articleSection":["Prehistory","\u041c\u0435\u0442\u0430\u043b\u043d\u0430 \u0434\u043e\u0431\u0430"],"inLanguage":"en-US"},{"@type":"WebPage","@id":"https:\/\/ai.ac.rs\/en\/velika-humska-cuka\/","url":"https:\/\/ai.ac.rs\/en\/velika-humska-cuka\/","name":"VELIKA HUMSKA \u010cUKA - Institute of Archaeology","isPartOf":{"@id":"https:\/\/ai.ac.rs\/#website"},"datePublished":"2024-02-13T04:08:48+00:00","dateModified":"2024-06-04T14:15:28+00:00","breadcrumb":{"@id":"https:\/\/ai.ac.rs\/en\/velika-humska-cuka\/#breadcrumb"},"inLanguage":"en-US","potentialAction":[{"@type":"ReadAction","target":["https:\/\/ai.ac.rs\/en\/velika-humska-cuka\/"]}]},{"@type":"BreadcrumbList","@id":"https:\/\/ai.ac.rs\/en\/velika-humska-cuka\/#breadcrumb","itemListElement":[{"@type":"ListItem","position":1,"name":"\u041f\u043e\u0447\u0435\u0442\u043d\u0430","item":"https:\/\/ai.ac.rs\/en\/"},{"@type":"ListItem","position":2,"name":"VELIKA HUMSKA \u010cUKA"}]},{"@type":"WebSite","@id":"https:\/\/ai.ac.rs\/#website","url":"https:\/\/ai.ac.rs\/","name":"A\u0440\u0445\u0435\u043e\u043b\u043e\u0448\u043a\u0438 \u0438\u043d\u0441\u0442\u0438\u0442\u0443\u0442","description":"Srbija","publisher":{"@id":"https:\/\/ai.ac.rs\/#organization"},"potentialAction":[{"@type":"SearchAction","target":{"@type":"EntryPoint","urlTemplate":"https:\/\/ai.ac.rs\/?s={search_term_string}"},"query-input":"required name=search_term_string"}],"inLanguage":"en-US"},{"@type":"Organization","@id":"https:\/\/ai.ac.rs\/#organization","name":"A\u0440\u0445\u0435\u043e\u043b\u043e\u0448\u043a\u0438 \u0438\u043d\u0441\u0442\u0438\u0442\u0443\u0442","url":"https:\/\/ai.ac.rs\/","logo":{"@type":"ImageObject","inLanguage":"en-US","@id":"https:\/\/ai.ac.rs\/#\/schema\/logo\/image\/","url":"https:\/\/ai.ac.rs\/wp-content\/uploads\/2023\/07\/f-logop.png","contentUrl":"https:\/\/ai.ac.rs\/wp-content\/uploads\/2023\/07\/f-logop.png","width":300,"height":238,"caption":"A\u0440\u0445\u0435\u043e\u043b\u043e\u0448\u043a\u0438 \u0438\u043d\u0441\u0442\u0438\u0442\u0443\u0442"},"image":{"@id":"https:\/\/ai.ac.rs\/#\/schema\/logo\/image\/"},"sameAs":["https:\/\/www.facebook.com\/profile.php?id=100063480880081&sk","https:\/\/twitter.com\/arheoinst","https:\/\/www.instagram.com\/arheoloski.institut.rs\/"]},{"@type":"Person","@id":"https:\/\/ai.ac.rs\/#\/schema\/person\/cdbdee10670d8f9920dd82ebab72f419","name":"Danica Mihailovi\u0107","image":{"@type":"ImageObject","inLanguage":"en-US","@id":"https:\/\/ai.ac.rs\/#\/schema\/person\/image\/","url":"https:\/\/secure.gravatar.com\/avatar\/8f1f21e21b2a0032fa57d61d550286ef4a7b2f1cd14116ff530546a0f30e9afe?s=96&d=mm&r=g","contentUrl":"https:\/\/secure.gravatar.com\/avatar\/8f1f21e21b2a0032fa57d61d550286ef4a7b2f1cd14116ff530546a0f30e9afe?s=96&d=mm&r=g","caption":"Danica Mihailovi\u0107"},"url":"https:\/\/ai.ac.rs\/en\/author\/dmihailovic\/"}]}},"_links":{"self":[{"href":"https:\/\/ai.ac.rs\/en\/wp-json\/wp\/v2\/posts\/7986","targetHints":{"allow":["GET"]}}],"collection":[{"href":"https:\/\/ai.ac.rs\/en\/wp-json\/wp\/v2\/posts"}],"about":[{"href":"https:\/\/ai.ac.rs\/en\/wp-json\/wp\/v2\/types\/post"}],"author":[{"embeddable":true,"href":"https:\/\/ai.ac.rs\/en\/wp-json\/wp\/v2\/users\/8"}],"replies":[{"embeddable":true,"href":"https:\/\/ai.ac.rs\/en\/wp-json\/wp\/v2\/comments?post=7986"}],"version-history":[{"count":6,"href":"https:\/\/ai.ac.rs\/en\/wp-json\/wp\/v2\/posts\/7986\/revisions"}],"predecessor-version":[{"id":9960,"href":"https:\/\/ai.ac.rs\/en\/wp-json\/wp\/v2\/posts\/7986\/revisions\/9960"}],"wp:featuredmedia":[{"embeddable":true,"href":"https:\/\/ai.ac.rs\/en\/wp-json\/wp\/v2\/media\/9583"}],"wp:attachment":[{"href":"https:\/\/ai.ac.rs\/en\/wp-json\/wp\/v2\/media?parent=7986"}],"wp:term":[{"taxonomy":"category","embeddable":true,"href":"https:\/\/ai.ac.rs\/en\/wp-json\/wp\/v2\/categories?post=7986"},{"taxonomy":"post_tag","embeddable":true,"href":"https:\/\/ai.ac.rs\/en\/wp-json\/wp\/v2\/tags?post=7986"}],"curies":[{"name":"wp","href":"https:\/\/api.w.org\/{rel}","templated":true}]}}