{"id":7643,"date":"2023-09-18T22:25:51","date_gmt":"2023-09-18T21:25:51","guid":{"rendered":"https:\/\/ai.ac.rs\/?p=7643"},"modified":"2026-03-01T23:00:04","modified_gmt":"2026-03-01T22:00:04","slug":"vrelo-sarkamen-near-negotin","status":"publish","type":"post","link":"https:\/\/ai.ac.rs\/en\/vrelo-sarkamen-near-negotin\/","title":{"rendered":"VRELO \u2013 \u0160ARKAMEN NEAR NEGOTIN"},"content":{"rendered":"<section class=\"wpb-content-wrapper\"><p>[vc_row][vc_column width=&#8221;1\/3&#8243;][vc_single_image image=&#8221;4583&#8243; img_size=&#8221;full&#8221;][\/vc_column][vc_column width=&#8221;2\/3&#8243;][vc_column_text css=&#8221;.vc_custom_1772402388290{padding-top: 20px !important;padding-right: 40px !important;padding-bottom: 30px !important;padding-left: 40px !important;background-color: #f9f9f9 !important;}&#8221;]<span style=\"font-weight: 400;\">Project Director: Dr Marija Jovi\u0107, Institute of Archaeology, Belgrade<\/span><\/p>\n<p><b>Team\u00a0:<\/b><\/p>\n<p><span style=\"font-weight: 400;\">Dr Igor Bjeli\u0107, Institute of Archaeology, Belgrade<\/span><\/p>\n<p><span style=\"font-weight: 400;\">Museum advisor Gordan Janji\u0107, Museum of Krajina, Negotin<\/span><\/p>\n<p><span style=\"font-weight: 400;\">MA Nikola Radinovi\u0107- Belgrade<\/span><\/p>\n<p><b>Co-operation:<\/b><\/p>\n<p><span style=\"font-weight: 400;\">Institute of Archaeology, Belgrade<\/span><\/p>\n<p><span style=\"font-weight: 400;\">Museum of Krajina, Negotin<\/span><\/p>\n<p><span style=\"font-weight: 400;\">Institute for the Protection of Cultural Monuments, Ni\u0161\u00a0<\/span>[\/vc_column_text][\/vc_column][\/vc_row][vc_row][vc_column][vc_column_text]<\/p>\n<h3><span style=\"font-weight: 400;\">The Roman site of Vrelo is located 4 km west of the village of \u0160arkamen, which is located about 20 km northwest of Negotin, in eastern Serbia. \u0160arkamen is a fortified residence, and the memorial complex with a<\/span> <span style=\"font-weight: 400;\">mausoleum and the tumulus are dated to the beginning of the 4<\/span><span style=\"font-weight: 400;\">th<\/span><span style=\"font-weight: 400;\"> century and are ascribed to the tetrarch Maximinus Daia (305\u2013313). Fragments of a porphyry sculpture of the emperor seated on a throne were discovered on the slope south of the memorial complex. The empress-mother was buried in the mausoleum with a set of gold jewellery.<\/span><\/h3>\n<p>[\/vc_column_text][vc_empty_space][\/vc_column][\/vc_row][vc_row][vc_column][vc_column_text]<span style=\"font-weight: 400;\">The Roman site of Vrelo is located on the left bank of the Vrelo River, 4 km west of the village of \u0160arkamen, about 20 km northwest of Negotin, in eastern Serbia, on the slopes of Deli Jovan.\u00a0\u00a0<\/span><\/p>\n<p><span style=\"font-weight: 400;\">The site was first recorded by Felix Kanitz in 1889 as a Roman fortification with eight circular towers and a square base with 100 x 100 m dimensions. In 1947, the architect \u0110ur\u0111e Bo\u0161kovi\u0107 visited Vrela and sketched the visible objects: a Roman fortification with 10 circular towers, an irregular quadrangular base, measuring 81 x 91 m, a bridge and a &#8220;temple&#8221; on the left bank, and &#8221; thermal baths&#8221; on the right bank of the Vrel river. The first archaeological research at \u0160arkamen was undertaken by the curators of the Krajina Museum in Negotin, Milica and \u0110or\u0111e Jankovi\u0107, in 1975.<\/span><\/p>\n<p><span style=\"font-weight: 400;\">In the period 1994\u20132003, SANU, the Archaeological Institute in Belgrade, and the Krajina Museum in Negotin began systematic archaeological research of this site. Under the overall management of Dr Dragoslav Srejovi\u0107, the archaeological research was managed by Dr. Miodrag Tomovi\u0107 from the Archaeological Institute, and members of the expert team were \u0110oko Jovanovi\u0107 and Gordan Janji\u0107, curators of the Krajina Museum, Dr. \u010cedomir Vasi\u0107, architect of the Institute for the Protection of Cultural Monuments, Ni\u0161 and Borisav Markovi\u0107, geodesy engineer, KU Negotin.<\/span><\/p>\n<p><span style=\"font-weight: 400;\">Several objects were discovered on the left and right banks of the Vrelo River:<\/span><\/p>\n<p><span style=\"font-weight: 400;\">A &#8211; fortification of the imperial residence, B &#8211; imperial mausoleum, C &#8211; consecratory tumulus, D &#8211; platform of stone slabs along the western side of the mausoleum, E &#8211; late antique building next to the southern tower of the western gate of the fortification, F &#8211; metallurgical workshop west of the memorial complex, G &#8211; square building foundations west of the tumulus (brick tomb?), H \u2013 economic building on the right bank of the Vrel river, I \u2013 a large building (basilica?) on the left bank of the Vrel river and J \u2013 economic building (horreum?) northwest of the fortification.<\/span><\/p>\n<p><span style=\"font-weight: 400;\">Given the limited area of excavation and the small amount of movable archaeological finds, the researchers, based on the analogy with the tetrarchy palace of Felix Romuliana in Gamzigrad, assumed that Vrelo was an unfinished fortification of the imperial residence from the tetrarchy era.\u00a0<\/span><\/p>\n<p><span style=\"font-weight: 400;\">The secret of the \u0160arkamen fortress was largely revealed by the excavation of the building with the dome in the period from 1994 to 1996, which is located about 250 m to the west. It was found to be an imperial mausoleum, very similar to the imperial tombs next to the consecratory mounds on Magura Hill, east of the imperial residence at Gamzigrad. These two mausoleums are attributed to Emperor Galerius and his mother Romula, and were built at the end of the 3<\/span><span style=\"font-weight: 400;\">rd<\/span><span style=\"font-weight: 400;\"> century (AD 294-295) for the empress-mother and at the beginning of the 4<\/span><span style=\"font-weight: 400;\">th<\/span><span style=\"font-weight: 400;\"> century (AD 206-211) for Emperor Galerius. In the mausoleum were found 3 gold necklaces, 2 earrings, 3 rings, 2 hair ornaments (salteleons), one leaf-shaped pendant and 9 leaves of a diadem made of gold sheet with imprinted portraits of tetrarchs. The portraits imprinted on the obverse of gold coins, aurei, minted during the 1<\/span><span style=\"font-weight: 400;\">st<\/span><span style=\"font-weight: 400;\"> tetrarchy (294-305), have been identified based on iconography and inscriptions as two of Diocletian, one of Constantius Chlorus and, perhaps, one of Galerius. The jewellery belongs to the more luxurious jewellery production from the period of the second half of the 3<\/span><span style=\"font-weight: 400;\">rd<\/span><span style=\"font-weight: 400;\"> century. All this points to the fact that the empress was buried in the mausoleum at the beginning of the 4<\/span><span style=\"font-weight: 400;\">th<\/span><span style=\"font-weight: 400;\"> century, most likely around 305\/306.<\/span><\/p>\n<p><span style=\"font-weight: 400;\">To the north of the mausoleum is a mound, a tumulus, with a diameter of 14.5 m, and a preserved height of 2.5 m, above 6 graves of cremated deceased. It remains unclear how the tumulus above these graves was related to the mausoleum, other than the fact that it was created at the same time as the imperial tomb. Based on the findings, the mentioned graves can be dated to the end of the 3<\/span><span style=\"font-weight: 400;\">rd<\/span><span style=\"font-weight: 400;\"> and the first half of the 4<\/span><span style=\"font-weight: 400;\">th<\/span><span style=\"font-weight: 400;\"> century.<\/span><\/p>\n<p><span style=\"font-weight: 400;\">Due to the similarity with the residential-memorial complex at Gamzigrad and Magura, the fortified residence and mausoleum at Vrelo dates back to the beginning of the 4<\/span><span style=\"font-weight: 400;\">th<\/span><span style=\"font-weight: 400;\"> century, and are attributed to the tetrarch Maximin Daya (305-313 AD), who was the cousin of Emperor Galerius. In contrast, in the mausoleum, the cremated remains of Galerius&#8217; sister and Romula&#8217;s daughter, whose name is unknown to us from historical sources, were stored. The beginning of construction of the complex at Vrelo was placed in the year 309\/310 when Maximin Daya declared himself August. The construction lasted, most likely, until the middle of 313, when Daya was defeated by his rival Licinius and soon thereafter died tragically.<\/span><\/p>\n<p><span style=\"font-weight: 400;\">Fragments of a porphyry sculpture of the emperor on the throne were found on the slope to the south of the mausoleum and to the west, in the area between the memorial complex and the late antique workshop (building F). Apart from seven larger parts, a large number of small, atypical fragments were found. Unfortunately, parts of the statue&#8217;s head, which could reveal the identity of the emperor, are missing.<\/span><\/p>\n<p><span style=\"font-weight: 400;\">2013-2020. Archaeological research at the Vrelo-\u0160arkamen site was renewed by the Archaeological Institute in Belgrade and the Negotin Krajina Museum. Excavations of the fortifications of the tetrarchy palace completely revealed the southeast tower (tower 8), and the south-eastern corner of the interior of the fortress, with 4 rooms along the southern rampart, explored to a length of 15 m. Also, the western gate and the towers flanking it were investigated (towers 1-2). Along the western rampart, north and south of the gate, 3 rooms each were explored. Due to the lack of movable finds, the function of the rooms inside the fortification, built along the southern and western ramparts, could not be determined.<\/span><\/p>\n<p><span style=\"font-weight: 400;\">Revision excavations of the northern rampart were carried out in the probe in which it was found in 1994. The northern rampart was discovered to a length of 14 m. The poor preservation of the northern rampart is due to the steep decline of the terrain from north to south and the pronounced erosion of the soil in the area of the fortification.<\/span><\/p>\n<p><span style=\"font-weight: 400;\">Research conducted in 2013-2020, to some extent, changed the earlier hypotheses regarding the tetrarchy residence at Vrelo near \u0160arkamen, primarily in the architectural-construction solutions and the fact that, aside from the ramparts and towers, buildings were also built inside the fortification. An aerial LIDAR scan of the site in 2021 confirmed the new excavation results and raised new questions about the structure of the fortified residence.<\/span>[\/vc_column_text][vc_empty_space][\/vc_column][\/vc_row][vc_row][vc_column][vc_empty_space][\/vc_column][\/vc_row][vc_row][vc_column][vc_column_text]<\/p>\n<h4><strong>Selected Bibliography:<\/strong><\/h4>\n<p>\u0418. \u0411\u0458\u0435\u043b\u0438\u045b, \u0421\u043f\u0435\u0446\u0438\u0444\u0438\u0447\u043d\u043e\u0441\u0442\u0438 \u0437\u0438\u0434\u0430\u045a\u0430 \u0443\u0442\u0432\u0440\u0452\u0435\u043d\u043e\u0433 \u0440\u0435\u0437\u0438\u0434\u0435\u043d\u0446\u0438\u0458\u0430\u043b\u043d\u043e\u0433 \u043a\u043e\u043c\u043f\u043b\u0435\u043a\u0441\u0430\u043d\u0430 \u043b\u043e\u043a\u0430\u043b\u0438\u0442\u0435\u0442\u0443 \u0412\u0440\u0435\u043b\u043e\u2013\u0428\u0430\u0440\u043a\u0430\u043c\u0435\u043d,\u00a0<em>\u0413\u043b\u0430\u0441\u043d\u0438\u043a \u0441\u0440\u043f\u0441\u043a\u043e\u0433 \u0430\u0440\u0445\u0435\u043e\u043b\u043e\u0448\u043a\u043e\u0433 \u0434\u0440\u0443\u0448\u0442\u0432\u0430<\/em>\u00a0 35, 2019. (\u0443\u0440. \u0414. \u0410\u043d\u0442\u043e\u043d\u043e\u0432\u0438\u045b ), \u0421\u0440\u043f\u0441\u043a\u043e \u0430\u0440\u0445\u0435\u043e\u043b\u043e\u0448\u043a\u043e \u0434\u0440\u0443\u0448\u0442\u0432\u043e, \u0411\u0435\u043e\u0433\u0440\u0430\u0434: 65-84.<\/p>\n<p>\u0413. \u0408\u0430\u045a\u0438\u045b, \u0421. \u041f\u0435\u0442\u043a\u043e\u0432\u0438\u045b, \u0418. \u0411\u0458\u0435\u043b\u0438\u045b, \u0412\u0440\u0435\u043b\u043e \u2013 \u0428\u0430\u0440\u043a\u0430\u043c\u0435\u043d \u043a\u043e\u0434 \u041d\u0435\u0433\u043e\u0442\u0438\u043d\u0430. \u0422\u0435\u0442\u0440\u0430\u0440\u0445\u0438\u0458\u0441\u043a\u0430 \u0440\u0435\u0437\u0438\u0434\u0435\u043d\u0446\u0438\u0458\u0430 \u041c\u0430\u043a\u0441\u0438\u043c\u0438\u043d\u0430 \u0414\u0430\u0458\u0435\/ G. Janji\u0107, S. Petkovi\u0107, I. Bjeli\u0107, Vrelo \u2013 \u0160arkamen. Tetrarchic Residence of Maximinus Daja, \u041c\u0443\u0437\u0435\u0458 \u041a\u0440\u0430\u0458\u0438\u043d\u0435: \u041d\u0435\u0433\u043e\u0442\u0438\u043d 2021, 1-139.<\/p>\n<p>\u0402. \u0408\u0430\u043d\u043a\u043e\u0432\u0438\u045b, \u0418\u0441\u0442\u0440\u0430\u0436\u0438\u0432\u0430\u045a\u0435 \u0441\u043f\u043e\u043c\u0435\u043d\u0438\u043a\u0430 \u0443\u00a0 \u0412\u0440\u0435\u043b\u0443, \u0428\u0430\u0440\u043a\u0430\u043c\u0435\u043d,\u00a0<em>\u0421\u0442\u0430\u0440\u0438\u043d\u0430\u0440<\/em>\u00a030\/1980, 87-93.<\/p>\n<p>\u0110. Jankovi\u0107, M. Jankovi\u0107, Vrelo \u2013 \u0160arkamen, za\u0161titna arheolo\u0161ka iskopavanja, Arheolo\u0161ki pregled 17, Beograd 1975, 86-88.<\/p>\n<p>Petkovi\u0107, G. Janji\u0107, N. Radinovi\u0107, Carska rezidencija Vrelo-\u0160arkamen kod Negotina. Istra\u017eivanja u 2013. godini, u:\u00a0<em>Arheologija u Srbiji. Projekti Arheolo\u0161kog instituta u 2013. godini<\/em>, ur: 2013, D. Antonovi\u0107, Beograd 2015, 64-68.<\/p>\n<p>Petkovi\u0107, G. Janji\u0107, Vrelo \u2013 \u0160arkamen. Arheolo\u0161ka istra\u017eivanja, prezentacija i promocija 2015. godine, u:\u00a0<em>Arheologija u Srbiji 5. Projekti Arheolo\u0161kog instituta u 2015. godini<\/em>, ur. 2015, N. Gavrilovi\u0107-Vitas, I. Bugarski, V. Filipovi\u0107, Beograd 2017, 92-96.<\/p>\n<p>Petkovi\u0107, G. Janji\u0107, M. Jovi\u0107, I. Bjeli\u0107, Vrelo \u2013 \u0160arkamen, arheolo\u0161ka istra\u017eivanja, prezentacija i promocija u 2016. godini,\u00a0<em>Arheologija u Srbiji. Projekti Arheolo\u0161kog instituta u 2016. godini, <\/em>2013 ur. Ivan Bugarski, Nade\u017eda Gavrilovi\u0107 Vitas i Vojislav Filipovi\u0107, Beograd 2018, 91-98.<\/p>\n<p>Petkovi\u0107, I. Bjeli\u0107, D. Vulovi\u0107, G. Janji\u0107, N. Radinovi\u0107, \u0160arkamen, arheolo\u0161ka istra\u017eivanja, prezentacija i promocija 2017. godine, u:\u00a0<em>Arheologija u Srbiji 7. Projekti Arheolo\u0161kog instituta u 2017. godini,<\/em>ur. N. Gavrilovi\u0107-Vitas, I. Bugarski, V. Filipovi\u0107, Beograd 2019, 135-141.<\/p>\n<p>Popovi\u0107, M. Tomovi\u0107, Golden jewelry from the imperial mausoleum at \u0160arkamen (Eastern Serbia),\u00a0<em>Antiquit\u00e9 tardive<\/em>\u00a06, 1998, 287-312.<\/p>\n<p><em>\u0160arkamen (Eastern Serbia): A Tetrarchic Imperial Palace. The Memorial Complex<\/em>, Edited by Ivana Popovi\u0107, Archaeological Institute, Monographs No. 45,Belgrade 2005.<\/p>\n<p>\u0418.\u041f\u043e\u043f\u043e\u0432\u0438\u045b, \u041f\u043e\u0440\u0444\u0438\u0440,\u00a0<em>M\u043e\u045b \u0446\u0430\u0440\u0435\u0432\u0430 \u0438 \u0434\u043e\u0441\u0442\u043e\u0458\u0430\u043d\u0441\u0442\u0432\u043e \u0431\u043e\u0433\u043e\u0432\u0430.\u0421\u043a\u0443\u043b\u043f\u0442\u0443\u0440\u0435 \u0438\u0437 \u0440\u0438\u043c\u0441\u043a\u0438\u0445 \u0433\u0440\u0430\u0434\u043e\u0432\u0430 \u0438 \u043f\u0430\u043b\u0430\u0442\u0430 \u0443 \u0421\u0440\u0431\u0438\u0458\u0438 (Porphyry, power of emperors and dignity of gods. Sculptures from Roman towns and palaces in Serbia)<\/em>, \u0410\u0440\u0445\u0435\u043e\u043b\u043e\u0448\u043a\u0438 \u0438\u043d\u0441\u0442\u0438\u0442\u0443\u0442, \u0411\u0435\u043e\u0433\u0440\u0430\u0434 2017.<\/p>\n<p>Srejovi\u0107, M. Tomovi\u0107,\u00a0 \u010c. Vasi\u0107, \u0160arkamen. Tetrarchial Imperial Palace.\u00a0<em>Starinar\u00a0<\/em>XLVII, 1996: 231\u2013236.<\/p>\n<p><em>\u0160arkamen (Eastern Serbia): A Tetrarchic Imperial Palace. The Memorial Complex<\/em>, Edited by Ivana Popovi\u0107, Archaeological Institute, Monographs No. 45,Belgrade 2005.<\/p>\n<p>\u041c. \u0422\u043e\u043c\u043e\u0432\u0438\u045b, \u0438 \u0427.\u0412\u0430\u0441\u0438\u045b,\u00a0<em>\u0412\u0440\u0435\u043b\u043e \u2013 \u0428\u0430\u0440\u043a\u0430\u043c\u0435\u043d. \u0426\u0430\u0440\u0441\u043a\u0430 \u043f\u0430\u043b\u0430\u0442\u0430.\u00a0\u0417\u043b\u0430\u0442\u043d\u0438 \u043d\u0430\u043a\u0438\u0442 \u0438\u0437 \u043c\u0430\u0443\u0437\u043e\u043b\u0435\u0458\u0430 \u0443 \u0428\u0430\u0440\u043a\u0430\u043c\u0435\u043d\u0443,\u00a0<\/em>\u043a\u0430\u0442\u0430\u043b\u043e\u0433 \u0438\u0437\u043b\u043e\u0436\u0431\u0435,\u00a0 \u041d\u0430\u0440\u043e\u0434\u043d\u0438 \u043c\u0443\u0437\u0435\u0458\u00a0 \u0411\u0435\u043e\u0433\u0440\u0430\u0434, \u041c\u0443\u0437\u0435\u0458 \u041a\u0440\u0430\u0458\u0438\u043d\u0435 \u041d\u0435\u0433\u043e\u0442\u0438\u043d: \u0411\u0435\u043e\u0433\u0440\u0430\u0434 1997.<\/p>\n<p>Vasi\u0107 and M. Tomovi\u0107, \u0160arkamen (East Serbia): An Imperial Residence and Memorial Complex of the Tetrarchic Period.\u00a0<em>Germania\u00a0<\/em>83 (2), 2005: 257\u2013307.<\/p>\n<p>[\/vc_column_text][\/vc_column][\/vc_row][vc_row css=&#8221;.vc_custom_1529917889058{padding-top: 10px !important;padding-bottom: 25px !important;}&#8221;][vc_column][vc_empty_space][vc_gallery type=&#8221;flexslider_slide&#8221; interval=&#8221;3&#8243; images=&#8221;5452,5455,5458,5461,5464,5467,5470,5473,5476,5479,5491,5494,5497,5500,5503,5506,5509,5482,5485&#8243; img_size=&#8221;large&#8221;][\/vc_column][\/vc_row][vc_row css=&#8221;.vc_custom_1529917889058{padding-top: 10px !important;padding-bottom: 25px !important;}&#8221;][vc_column]<div class=\"eltdf-section-title-holder  eltdf-st-standard eltdf-st-title-left eltdf-st-normal-space \" >\n\t<div class=\"eltdf-st-inner\">\n\t\t\t\t\t<h3 class=\"eltdf-st-title\" >\n\t\t\t\t\u0421\u0430\u0440\u0430\u0434\u043d\u0438\u0446\u0438\t\t\t<\/h3>\n\t\t\t\t\t\t\t<\/div>\n<\/div>[vc_empty_space]<div class=\"eltdf-instructor-slider-holder info-\"><div class=\"eltdf-instructor-list-holder eltdf-grid-list eltdf-disable-bottom-space clearfix eltdf-four-columns eltdf-small-space\" data-number-of-columns=\"3\" data-enable-navigation=\"yes\" data-enable-pagination=\"yes\">\n\t<div class=\"eltdf-tl-inner eltdf-outer-space eltdf-owl-slider eltdf-list-is-slider\" >\n\t\t<div class=\"eltdf-instructor eltdf-item-space info-bellow \">\t<div class=\"eltdf-instructor-inner\">\t\t\t\t\t<div class=\"eltdf-instructor-image\">\t\t\t\t<a itemprop=\"url\" href=\"https:\/\/ai.ac.rs\/en\/instructor\/ma-marija-jovic\/\">\t\t\t\t\t<img loading=\"lazy\" decoding=\"async\" width=\"300\" height=\"300\" src=\"https:\/\/ai.ac.rs\/wp-content\/uploads\/2023\/10\/marija-jovic.jpg\" class=\"attachment-full size-full wp-post-image\" alt=\"\" srcset=\"https:\/\/ai.ac.rs\/wp-content\/uploads\/2023\/10\/marija-jovic.jpg 300w, https:\/\/ai.ac.rs\/wp-content\/uploads\/2023\/10\/marija-jovic-150x150.jpg 150w, https:\/\/ai.ac.rs\/wp-content\/uploads\/2023\/10\/marija-jovic-100x100.jpg 100w\" sizes=\"auto, (max-width: 300px) 100vw, 300px\" \/>\t\t\t\t<\/a>\t\t\t<\/div>\t\t\t\t<div class=\"eltdf-instructor-info\">\t\t\t<div class=\"eltdf-instructor-title-holder\">\t\t\t\t<h4 itemprop=\"name\" class=\"eltdf-instructor-name entry-title\">\t\t\t\t\t<a itemprop=\"url\" href=\"https:\/\/ai.ac.rs\/en\/instructor\/ma-marija-jovic\/\">Marija Jovi\u0107<\/a>\t\t\t\t<\/h4>\t\t\t\t\t\t\t\t\t\t\t\t\t<h6 class=\"eltdf-instructor-position\">Research Associate<\/h6>\t\t\t\t\t\t\t<\/div>\t\t\t\t\t\t\t<div class=\"eltdf-instructor-text\">\t\t\t\t\t<div class=\"eltdf-instructor-text-inner\">\t\t\t\t\t\t<div class=\"eltdf-instructor-description\">\t\t\t\t\t\t\t<p itemprop=\"description\" class=\"eltdf-instructor-excerpt\">[vc_row][vc_column][vc_column_text]Interests and methodology of research &nbsp; Marija Jovi\u0107 specializes in Roman-period archaeology. Through many years of rescue and systematic excavations, she has gained extensive experience in analyzing the formation of Roman military fortifications and Late Antique necropolises in southern and southeastern Serbia, as well as in the study of Roman archaeological material, particularly ceramics and coins. [&hellip;]<\/p>\t\t\t\t\t\t<\/div>\t\t\t\t\t<\/div>\t\t\t\t<\/div>\t\t\t\t\t\t<div class=\"eltdf-instructor-social-holder-between\">\t\t\t\t<div class=\"eltdf-instructor-social\">\t\t\t\t\t<div class=\"eltdf-instructor-social-inner\">\t\t\t\t\t\t<div class=\"eltdf-instructor-social-wrapp\">\t\t\t\t\t\t\t\t\t\t\t\t\t<\/div>\t\t\t\t\t<\/div>\t\t\t\t<\/div>\t\t\t<\/div>\t\t<\/div>\t<\/div><\/div><div class=\"eltdf-instructor eltdf-item-space info-bellow \">\t<div class=\"eltdf-instructor-inner\">\t\t\t\t\t<div class=\"eltdf-instructor-image\">\t\t\t\t<a itemprop=\"url\" href=\"https:\/\/ai.ac.rs\/en\/instructor\/dr-igor-bjelic\/\">\t\t\t\t\t<img loading=\"lazy\" decoding=\"async\" width=\"300\" height=\"300\" src=\"https:\/\/ai.ac.rs\/wp-content\/uploads\/2023\/10\/igorbjelic.jpg\" class=\"attachment-full size-full wp-post-image\" alt=\"\" srcset=\"https:\/\/ai.ac.rs\/wp-content\/uploads\/2023\/10\/igorbjelic.jpg 300w, https:\/\/ai.ac.rs\/wp-content\/uploads\/2023\/10\/igorbjelic-150x150.jpg 150w, https:\/\/ai.ac.rs\/wp-content\/uploads\/2023\/10\/igorbjelic-100x100.jpg 100w\" sizes=\"auto, (max-width: 300px) 100vw, 300px\" \/>\t\t\t\t<\/a>\t\t\t<\/div>\t\t\t\t<div class=\"eltdf-instructor-info\">\t\t\t<div class=\"eltdf-instructor-title-holder\">\t\t\t\t<h4 itemprop=\"name\" class=\"eltdf-instructor-name entry-title\">\t\t\t\t\t<a itemprop=\"url\" href=\"https:\/\/ai.ac.rs\/en\/instructor\/dr-igor-bjelic\/\">Dr Igor Bjeli\u0107<\/a>\t\t\t\t<\/h4>\t\t\t\t\t\t\t\t\t\t\t\t\t<h6 class=\"eltdf-instructor-position\">Research Associate<\/h6>\t\t\t\t\t\t\t<\/div>\t\t\t\t\t\t\t<div class=\"eltdf-instructor-text\">\t\t\t\t\t<div class=\"eltdf-instructor-text-inner\">\t\t\t\t\t\t<div class=\"eltdf-instructor-description\">\t\t\t\t\t\t\t<p itemprop=\"description\" class=\"eltdf-instructor-excerpt\">[vc_row][vc_column][vc_column_text]Interests and methodology of research &nbsp; Dr Igor Bjeli\u0107 is mostly dedicated to the research of influence transmission in antique architecture from Byzantine architecture to local architecture on the territory of Serbia. Dr Bjeli\u0107 is also involved in the analysis of materials, arch construction, heating construction, waterworks, fortifications, urban structures, Roman and Medieval towns, architectural decoration, [&hellip;]<\/p>\t\t\t\t\t\t<\/div>\t\t\t\t\t<\/div>\t\t\t\t<\/div>\t\t\t\t\t\t<div class=\"eltdf-instructor-social-holder-between\">\t\t\t\t<div class=\"eltdf-instructor-social\">\t\t\t\t\t<div class=\"eltdf-instructor-social-inner\">\t\t\t\t\t\t<div class=\"eltdf-instructor-social-wrapp\">\t\t\t\t\t\t\t\t\t\t\t\t\t<\/div>\t\t\t\t\t<\/div>\t\t\t\t<\/div>\t\t\t<\/div>\t\t<\/div>\t<\/div><\/div>\t<\/div>\n<\/div><\/div>[\/vc_column][\/vc_row]<\/p>\n<\/section>","protected":false},"excerpt":{"rendered":"<p>The Roman site of Vrelo is located 4 km west of the village of \u0160arkamen, which is located about 20 km northwest of Negotin, in eastern Serbia. \u0160arkamen is a fortified residence, and the memorial complex with a mausoleum and the tumulus are dated to the beginning of the 4th century and are ascribed to the tetrarch Maximinus Daia (305\u2013313). Fragments of a porphyry sculpture of the emperor seated on a throne were discovered on the slope south of the memorial complex. The empress-mother was buried in the mausoleum with a set of gold jewellery.<\/p>\n","protected":false},"author":3,"featured_media":5453,"comment_status":"closed","ping_status":"open","sticky":false,"template":"","format":"standard","meta":{"_bbp_topic_count":0,"_bbp_reply_count":0,"_bbp_total_topic_count":0,"_bbp_total_reply_count":0,"_bbp_voice_count":0,"_bbp_anonymous_reply_count":0,"_bbp_topic_count_hidden":0,"_bbp_reply_count_hidden":0,"_bbp_forum_subforum_count":0,"inline_featured_image":false,"footnotes":""},"categories":[187],"tags":[],"class_list":["post-7643","post","type-post","status-publish","format-standard","has-post-thumbnail","hentry","category-antiquity"],"yoast_head":"<!-- This site is optimized with the Yoast SEO plugin v22.0 - https:\/\/yoast.com\/wordpress\/plugins\/seo\/ -->\n<title>VRELO \u2013 \u0160ARKAMEN NEAR NEGOTIN - Institute of Archaeology<\/title>\n<meta name=\"robots\" content=\"index, follow, max-snippet:-1, max-image-preview:large, max-video-preview:-1\" \/>\n<link rel=\"canonical\" href=\"https:\/\/ai.ac.rs\/en\/vrelo-sarkamen-near-negotin\/\" \/>\n<meta property=\"og:locale\" content=\"en_US\" \/>\n<meta property=\"og:type\" content=\"article\" \/>\n<meta property=\"og:title\" content=\"VRELO \u2013 \u0160ARKAMEN NEAR NEGOTIN - Institute of Archaeology\" \/>\n<meta property=\"og:description\" content=\"The Roman site of Vrelo is located 4 km west of the village of \u0160arkamen, which is located about 20 km northwest of Negotin, in eastern Serbia. \u0160arkamen is a fortified residence, and the memorial complex with a mausoleum and the tumulus are dated to the beginning of the 4th century and are ascribed to the tetrarch Maximinus Daia (305\u2013313). Fragments of a porphyry sculpture of the emperor seated on a throne were discovered on the slope south of the memorial complex. The empress-mother was buried in the mausoleum with a set of gold jewellery.\" \/>\n<meta property=\"og:url\" content=\"https:\/\/ai.ac.rs\/en\/vrelo-sarkamen-near-negotin\/\" \/>\n<meta property=\"og:site_name\" content=\"Institute of Archaeology\" \/>\n<meta property=\"article:publisher\" content=\"https:\/\/www.facebook.com\/profile.php?id=100063480880081&amp;sk\" \/>\n<meta property=\"article:published_time\" content=\"2023-09-18T21:25:51+00:00\" \/>\n<meta property=\"article:modified_time\" content=\"2026-03-01T22:00:04+00:00\" \/>\n<meta property=\"og:image\" content=\"https:\/\/ai.ac.rs\/wp-content\/uploads\/2023\/09\/01-sarkamen.jpg\" \/>\n\t<meta property=\"og:image:width\" content=\"960\" \/>\n\t<meta property=\"og:image:height\" content=\"640\" \/>\n\t<meta property=\"og:image:type\" content=\"image\/jpeg\" \/>\n<meta name=\"author\" content=\"urednik\" \/>\n<meta name=\"twitter:card\" content=\"summary_large_image\" \/>\n<meta name=\"twitter:creator\" content=\"@arheoinst\" \/>\n<meta name=\"twitter:site\" content=\"@arheoinst\" \/>\n<meta name=\"twitter:label1\" content=\"Written by\" \/>\n\t<meta name=\"twitter:data1\" content=\"urednik\" \/>\n\t<meta name=\"twitter:label2\" content=\"Est. reading time\" \/>\n\t<meta name=\"twitter:data2\" content=\"10 minutes\" \/>\n<script type=\"application\/ld+json\" class=\"yoast-schema-graph\">{\"@context\":\"https:\/\/schema.org\",\"@graph\":[{\"@type\":\"Article\",\"@id\":\"https:\/\/ai.ac.rs\/en\/vrelo-sarkamen-near-negotin\/#article\",\"isPartOf\":{\"@id\":\"https:\/\/ai.ac.rs\/en\/vrelo-sarkamen-near-negotin\/\"},\"author\":{\"name\":\"urednik\",\"@id\":\"https:\/\/ai.ac.rs\/#\/schema\/person\/386f94fe666e3d4e71c9e002f26bc205\"},\"headline\":\"VRELO \u2013 \u0160ARKAMEN NEAR NEGOTIN\",\"datePublished\":\"2023-09-18T21:25:51+00:00\",\"dateModified\":\"2026-03-01T22:00:04+00:00\",\"mainEntityOfPage\":{\"@id\":\"https:\/\/ai.ac.rs\/en\/vrelo-sarkamen-near-negotin\/\"},\"wordCount\":1830,\"publisher\":{\"@id\":\"https:\/\/ai.ac.rs\/#organization\"},\"articleSection\":[\"Antiquity\"],\"inLanguage\":\"en-US\"},{\"@type\":\"WebPage\",\"@id\":\"https:\/\/ai.ac.rs\/en\/vrelo-sarkamen-near-negotin\/\",\"url\":\"https:\/\/ai.ac.rs\/en\/vrelo-sarkamen-near-negotin\/\",\"name\":\"VRELO \u2013 \u0160ARKAMEN NEAR NEGOTIN - Institute of Archaeology\",\"isPartOf\":{\"@id\":\"https:\/\/ai.ac.rs\/#website\"},\"datePublished\":\"2023-09-18T21:25:51+00:00\",\"dateModified\":\"2026-03-01T22:00:04+00:00\",\"breadcrumb\":{\"@id\":\"https:\/\/ai.ac.rs\/en\/vrelo-sarkamen-near-negotin\/#breadcrumb\"},\"inLanguage\":\"en-US\",\"potentialAction\":[{\"@type\":\"ReadAction\",\"target\":[\"https:\/\/ai.ac.rs\/en\/vrelo-sarkamen-near-negotin\/\"]}]},{\"@type\":\"BreadcrumbList\",\"@id\":\"https:\/\/ai.ac.rs\/en\/vrelo-sarkamen-near-negotin\/#breadcrumb\",\"itemListElement\":[{\"@type\":\"ListItem\",\"position\":1,\"name\":\"\u041f\u043e\u0447\u0435\u0442\u043d\u0430\",\"item\":\"https:\/\/ai.ac.rs\/en\/\"},{\"@type\":\"ListItem\",\"position\":2,\"name\":\"VRELO \u2013 \u0160ARKAMEN NEAR NEGOTIN\"}]},{\"@type\":\"WebSite\",\"@id\":\"https:\/\/ai.ac.rs\/#website\",\"url\":\"https:\/\/ai.ac.rs\/\",\"name\":\"A\u0440\u0445\u0435\u043e\u043b\u043e\u0448\u043a\u0438 \u0438\u043d\u0441\u0442\u0438\u0442\u0443\u0442\",\"description\":\"Srbija\",\"publisher\":{\"@id\":\"https:\/\/ai.ac.rs\/#organization\"},\"potentialAction\":[{\"@type\":\"SearchAction\",\"target\":{\"@type\":\"EntryPoint\",\"urlTemplate\":\"https:\/\/ai.ac.rs\/?s={search_term_string}\"},\"query-input\":\"required name=search_term_string\"}],\"inLanguage\":\"en-US\"},{\"@type\":\"Organization\",\"@id\":\"https:\/\/ai.ac.rs\/#organization\",\"name\":\"A\u0440\u0445\u0435\u043e\u043b\u043e\u0448\u043a\u0438 \u0438\u043d\u0441\u0442\u0438\u0442\u0443\u0442\",\"url\":\"https:\/\/ai.ac.rs\/\",\"logo\":{\"@type\":\"ImageObject\",\"inLanguage\":\"en-US\",\"@id\":\"https:\/\/ai.ac.rs\/#\/schema\/logo\/image\/\",\"url\":\"https:\/\/ai.ac.rs\/wp-content\/uploads\/2023\/07\/f-logop.png\",\"contentUrl\":\"https:\/\/ai.ac.rs\/wp-content\/uploads\/2023\/07\/f-logop.png\",\"width\":300,\"height\":238,\"caption\":\"A\u0440\u0445\u0435\u043e\u043b\u043e\u0448\u043a\u0438 \u0438\u043d\u0441\u0442\u0438\u0442\u0443\u0442\"},\"image\":{\"@id\":\"https:\/\/ai.ac.rs\/#\/schema\/logo\/image\/\"},\"sameAs\":[\"https:\/\/www.facebook.com\/profile.php?id=100063480880081&sk\",\"https:\/\/twitter.com\/arheoinst\",\"https:\/\/www.instagram.com\/arheoloski.institut.rs\/\"]},{\"@type\":\"Person\",\"@id\":\"https:\/\/ai.ac.rs\/#\/schema\/person\/386f94fe666e3d4e71c9e002f26bc205\",\"name\":\"urednik\",\"image\":{\"@type\":\"ImageObject\",\"inLanguage\":\"en-US\",\"@id\":\"https:\/\/ai.ac.rs\/#\/schema\/person\/image\/\",\"url\":\"https:\/\/secure.gravatar.com\/avatar\/62865591ff91df9391f6c64656f59a48ead5d7a5187e14295fd642a19a97dd8a?s=96&d=mm&r=g\",\"contentUrl\":\"https:\/\/secure.gravatar.com\/avatar\/62865591ff91df9391f6c64656f59a48ead5d7a5187e14295fd642a19a97dd8a?s=96&d=mm&r=g\",\"caption\":\"urednik\"},\"url\":\"https:\/\/ai.ac.rs\/en\/author\/urednik\/\"}]}<\/script>\n<!-- \/ Yoast SEO plugin. -->","yoast_head_json":{"title":"VRELO \u2013 \u0160ARKAMEN NEAR NEGOTIN - Institute of Archaeology","robots":{"index":"index","follow":"follow","max-snippet":"max-snippet:-1","max-image-preview":"max-image-preview:large","max-video-preview":"max-video-preview:-1"},"canonical":"https:\/\/ai.ac.rs\/en\/vrelo-sarkamen-near-negotin\/","og_locale":"en_US","og_type":"article","og_title":"VRELO \u2013 \u0160ARKAMEN NEAR NEGOTIN - Institute of Archaeology","og_description":"The Roman site of Vrelo is located 4 km west of the village of \u0160arkamen, which is located about 20 km northwest of Negotin, in eastern Serbia. \u0160arkamen is a fortified residence, and the memorial complex with a mausoleum and the tumulus are dated to the beginning of the 4th century and are ascribed to the tetrarch Maximinus Daia (305\u2013313). Fragments of a porphyry sculpture of the emperor seated on a throne were discovered on the slope south of the memorial complex. The empress-mother was buried in the mausoleum with a set of gold jewellery.","og_url":"https:\/\/ai.ac.rs\/en\/vrelo-sarkamen-near-negotin\/","og_site_name":"Institute of Archaeology","article_publisher":"https:\/\/www.facebook.com\/profile.php?id=100063480880081&sk","article_published_time":"2023-09-18T21:25:51+00:00","article_modified_time":"2026-03-01T22:00:04+00:00","og_image":[{"width":960,"height":640,"url":"https:\/\/ai.ac.rs\/wp-content\/uploads\/2023\/09\/01-sarkamen.jpg","type":"image\/jpeg"}],"author":"urednik","twitter_card":"summary_large_image","twitter_creator":"@arheoinst","twitter_site":"@arheoinst","twitter_misc":{"Written by":"urednik","Est. reading time":"10 minutes"},"schema":{"@context":"https:\/\/schema.org","@graph":[{"@type":"Article","@id":"https:\/\/ai.ac.rs\/en\/vrelo-sarkamen-near-negotin\/#article","isPartOf":{"@id":"https:\/\/ai.ac.rs\/en\/vrelo-sarkamen-near-negotin\/"},"author":{"name":"urednik","@id":"https:\/\/ai.ac.rs\/#\/schema\/person\/386f94fe666e3d4e71c9e002f26bc205"},"headline":"VRELO \u2013 \u0160ARKAMEN NEAR NEGOTIN","datePublished":"2023-09-18T21:25:51+00:00","dateModified":"2026-03-01T22:00:04+00:00","mainEntityOfPage":{"@id":"https:\/\/ai.ac.rs\/en\/vrelo-sarkamen-near-negotin\/"},"wordCount":1830,"publisher":{"@id":"https:\/\/ai.ac.rs\/#organization"},"articleSection":["Antiquity"],"inLanguage":"en-US"},{"@type":"WebPage","@id":"https:\/\/ai.ac.rs\/en\/vrelo-sarkamen-near-negotin\/","url":"https:\/\/ai.ac.rs\/en\/vrelo-sarkamen-near-negotin\/","name":"VRELO \u2013 \u0160ARKAMEN NEAR NEGOTIN - Institute of Archaeology","isPartOf":{"@id":"https:\/\/ai.ac.rs\/#website"},"datePublished":"2023-09-18T21:25:51+00:00","dateModified":"2026-03-01T22:00:04+00:00","breadcrumb":{"@id":"https:\/\/ai.ac.rs\/en\/vrelo-sarkamen-near-negotin\/#breadcrumb"},"inLanguage":"en-US","potentialAction":[{"@type":"ReadAction","target":["https:\/\/ai.ac.rs\/en\/vrelo-sarkamen-near-negotin\/"]}]},{"@type":"BreadcrumbList","@id":"https:\/\/ai.ac.rs\/en\/vrelo-sarkamen-near-negotin\/#breadcrumb","itemListElement":[{"@type":"ListItem","position":1,"name":"\u041f\u043e\u0447\u0435\u0442\u043d\u0430","item":"https:\/\/ai.ac.rs\/en\/"},{"@type":"ListItem","position":2,"name":"VRELO \u2013 \u0160ARKAMEN NEAR NEGOTIN"}]},{"@type":"WebSite","@id":"https:\/\/ai.ac.rs\/#website","url":"https:\/\/ai.ac.rs\/","name":"A\u0440\u0445\u0435\u043e\u043b\u043e\u0448\u043a\u0438 \u0438\u043d\u0441\u0442\u0438\u0442\u0443\u0442","description":"Srbija","publisher":{"@id":"https:\/\/ai.ac.rs\/#organization"},"potentialAction":[{"@type":"SearchAction","target":{"@type":"EntryPoint","urlTemplate":"https:\/\/ai.ac.rs\/?s={search_term_string}"},"query-input":"required name=search_term_string"}],"inLanguage":"en-US"},{"@type":"Organization","@id":"https:\/\/ai.ac.rs\/#organization","name":"A\u0440\u0445\u0435\u043e\u043b\u043e\u0448\u043a\u0438 \u0438\u043d\u0441\u0442\u0438\u0442\u0443\u0442","url":"https:\/\/ai.ac.rs\/","logo":{"@type":"ImageObject","inLanguage":"en-US","@id":"https:\/\/ai.ac.rs\/#\/schema\/logo\/image\/","url":"https:\/\/ai.ac.rs\/wp-content\/uploads\/2023\/07\/f-logop.png","contentUrl":"https:\/\/ai.ac.rs\/wp-content\/uploads\/2023\/07\/f-logop.png","width":300,"height":238,"caption":"A\u0440\u0445\u0435\u043e\u043b\u043e\u0448\u043a\u0438 \u0438\u043d\u0441\u0442\u0438\u0442\u0443\u0442"},"image":{"@id":"https:\/\/ai.ac.rs\/#\/schema\/logo\/image\/"},"sameAs":["https:\/\/www.facebook.com\/profile.php?id=100063480880081&sk","https:\/\/twitter.com\/arheoinst","https:\/\/www.instagram.com\/arheoloski.institut.rs\/"]},{"@type":"Person","@id":"https:\/\/ai.ac.rs\/#\/schema\/person\/386f94fe666e3d4e71c9e002f26bc205","name":"urednik","image":{"@type":"ImageObject","inLanguage":"en-US","@id":"https:\/\/ai.ac.rs\/#\/schema\/person\/image\/","url":"https:\/\/secure.gravatar.com\/avatar\/62865591ff91df9391f6c64656f59a48ead5d7a5187e14295fd642a19a97dd8a?s=96&d=mm&r=g","contentUrl":"https:\/\/secure.gravatar.com\/avatar\/62865591ff91df9391f6c64656f59a48ead5d7a5187e14295fd642a19a97dd8a?s=96&d=mm&r=g","caption":"urednik"},"url":"https:\/\/ai.ac.rs\/en\/author\/urednik\/"}]}},"_links":{"self":[{"href":"https:\/\/ai.ac.rs\/en\/wp-json\/wp\/v2\/posts\/7643","targetHints":{"allow":["GET"]}}],"collection":[{"href":"https:\/\/ai.ac.rs\/en\/wp-json\/wp\/v2\/posts"}],"about":[{"href":"https:\/\/ai.ac.rs\/en\/wp-json\/wp\/v2\/types\/post"}],"author":[{"embeddable":true,"href":"https:\/\/ai.ac.rs\/en\/wp-json\/wp\/v2\/users\/3"}],"replies":[{"embeddable":true,"href":"https:\/\/ai.ac.rs\/en\/wp-json\/wp\/v2\/comments?post=7643"}],"version-history":[{"count":6,"href":"https:\/\/ai.ac.rs\/en\/wp-json\/wp\/v2\/posts\/7643\/revisions"}],"predecessor-version":[{"id":10688,"href":"https:\/\/ai.ac.rs\/en\/wp-json\/wp\/v2\/posts\/7643\/revisions\/10688"}],"wp:featuredmedia":[{"embeddable":true,"href":"https:\/\/ai.ac.rs\/en\/wp-json\/wp\/v2\/media\/5453"}],"wp:attachment":[{"href":"https:\/\/ai.ac.rs\/en\/wp-json\/wp\/v2\/media?parent=7643"}],"wp:term":[{"taxonomy":"category","embeddable":true,"href":"https:\/\/ai.ac.rs\/en\/wp-json\/wp\/v2\/categories?post=7643"},{"taxonomy":"post_tag","embeddable":true,"href":"https:\/\/ai.ac.rs\/en\/wp-json\/wp\/v2\/tags?post=7643"}],"curies":[{"name":"wp","href":"https:\/\/api.w.org\/{rel}","templated":true}]}}