{"id":7640,"date":"2023-10-09T13:05:03","date_gmt":"2023-10-09T12:05:03","guid":{"rendered":"https:\/\/ai.ac.rs\/?p=7640"},"modified":"2024-05-28T16:42:44","modified_gmt":"2024-05-28T15:42:44","slug":"naissus-mediana","status":"publish","type":"post","link":"https:\/\/ai.ac.rs\/en\/naissus-mediana\/","title":{"rendered":"NAISSUS \u2013 MEDIANA"},"content":{"rendered":"<section class=\"wpb-content-wrapper\"><p>[vc_row][vc_column width=&#8221;1\/3&#8243;][vc_single_image image=&#8221;5663&#8243; img_size=&#8221;full&#8221;][\/vc_column][vc_column width=&#8221;2\/3&#8243;][vc_column_text css=&#8221;.vc_custom_1707398845406{padding-top: 20px !important;padding-right: 40px !important;padding-bottom: 30px !important;padding-left: 40px !important;background-color: #f9f9f9 !important;}&#8221;]<b>About the project<\/b><\/p>\n<p><span style=\"font-weight: 400;\">Mediana \u2013 Imperial Residence of Constantine the Great<\/span><\/p>\n<p><b>Director of the project:<\/b><span style=\"font-weight: 400;\"> Dr Nade\u017eda Gavrilovi\u0107 Vitas<\/span><\/p>\n<p><b>Team:<\/b><\/p>\n<p><span style=\"font-weight: 400;\">Dr Igor Bjeli\u0107, Institute of Archaeology, Belgrade<\/span><\/p>\n<p><span style=\"font-weight: 400;\">MA Marija Jovi\u0107, Institute of Archaeology, Belgrade<\/span><\/p>\n<p><span style=\"font-weight: 400;\">Museum advisor Vesna Crnoglavac, National Museum, Ni\u0161<\/span><\/p>\n<p><span style=\"font-weight: 400;\">Curator Slobodan Miti\u0107, National Museum, Ni\u0161<\/span><\/p>\n<p><b>Co-operation:<\/b><\/p>\n<p><span style=\"font-weight: 400;\">National Museum in Ni\u0161<\/span><\/p>\n<p><span style=\"font-weight: 400;\">Institute for the Protection of Cultural Monuments of Serbia, Belgrade<\/span><\/p>\n<p><span style=\"font-weight: 400;\">Institute for the Protection of Cultural Monuments, Ni\u0161<\/span>[\/vc_column_text][\/vc_column][\/vc_row][vc_row][vc_column][vc_column_text]<\/p>\n<h3><strong>The archaeological site of Mediana is an open-type settlement located about 4 km east of Ni\u0161 (<i>Naissus<\/i>). It developed from an agricultural farm to a luxurious administrative-residential complex with buildings of various purposes. It was the birthplace of the Roman Emperor Constantine the Great who, in the period between 317 and 334, often stayed in the Balkans and then built and reconstructed different buildings at Mediana, of which the villa with peristyle is the most significant and the most fully explored building. Mediana represented an imperial residence that was visited by different successors of Constantine the Great (such as Constans and Constantius II) who continued to reconstruct and build at Mediana, and where, in 364, Valentian I and Valens divided the army and the Roman empire between themselves.<\/strong><\/h3>\n<h3><strong>\u00a0<\/strong><\/h3>\n<p>[\/vc_column_text][vc_empty_space][\/vc_column][\/vc_row][vc_row][vc_column][vc_column_text]<span style=\"font-weight: 400;\">The archaeological site of Mediana is located about 4 km east of Ni\u0161, next to the former ancient road <\/span><i><span style=\"font-weight: 400;\">Via Militaris<\/span><\/i><span style=\"font-weight: 400;\">. Mediana is an open-type settlement, which covers an area of about 80 ha, with its eastern border next to the modern settlement of Brzi Brod.\u00a0<\/span><\/p>\n<p><span style=\"font-weight: 400;\">In 1933, the first research of Mediana was officially started by the National Museum in Ni\u0161, under the leadership of Adam Or\u0161i\u0107-Slaveti\u0107, and in 1935, and 1938, of Rudolf Bratani\u0107. In 1936, the museum building was constructed.<\/span><\/p>\n<p><span style=\"font-weight: 400;\">After the Second World War, in 1949, as one of the most important antique sites, Mediana was placed under the protection of the state. The first surveys started in 1961, under the leadership of Miodrag Grbi\u0107. Extensive protective archaeological research was carried out from 1975 to 1989, under the direction of Dr Ljubica Zotovi\u0107. A new phase of Mediana\u2019s research was initiated by infrastructure needs. Between 1994 and 1996, the team of the Archaeological Institute, headed by Dr Peter Petrovi\u0107, began protective research on the area. In the period from 2000 to 2007, under the leadership of Dr Miloje Vasi\u0107, the realisation of the idea of the Archaeological Park of Medijana was initiated. In the 2010-2011 campaigns, research was continued on the premises of the villa with peristyle. Archaeological research continued under the leadership of Dr Nade\u017eda Gavrilovi\u0107 Vitas. In 2019, after more than half a century, the archaeological excavations of the baths (thermae) in the north-western corner of Constantine the Great\u2019s villa started again and in 2021, the project for the conservation and presentation of the thermae was initiated, with the conservation of thermae beginning in 2022.<\/span><\/p>\n<p><span style=\"font-weight: 400;\">Archaeological excavations attest to the existence of three construction phases at Mediana, which span from the end of the 3<\/span><span style=\"font-weight: 400;\">rd<\/span><span style=\"font-weight: 400;\"> to the middle of the 5<\/span><span style=\"font-weight: 400;\">th<\/span><span style=\"font-weight: 400;\"> century. Intense life at Mediana lasted during the reign of Emperor Constantine, his sons Constans and Constantius II, and Julian the Apostate, until the settlement at Mediana was destroyed by the invasion of the Huns in 441-443.<\/span><\/p>\n<p><span style=\"font-weight: 400;\">Several buildings of different functions have been confirmed at Mediana, the most important of which are: a central residential complex that includes a villa with peristyle, baths, courtyards and a ceremonial entrance, as well as buildings outside the enclosure wall, a villa with octagon, a horeum, military barracks, a water tower and two early Christian churches. To supply the settlement with water, at the end of the 3<\/span><span style=\"font-weight: 400;\">rd<\/span><span style=\"font-weight: 400;\"> century, a water tower (castellum aquae) and a reservoir with two basins for settling, filtering and distributing water, were built on the slope of Vla\u0161ko Brdo. From the water tower on the northern part of the building, water was carried through the main channel and one revision channel, towards the settlement.<\/span><\/p>\n<p><span style=\"font-weight: 400;\">The results of archaeological research so far show that Mediana is an extremely important late antique site, the importance of which is reflected in the fact that it was a luxurious imperial domain whose architecture and style of decoration embodied the aspirations of Emperor Constantine the Great (and, later, also his successors) to mark the place of his origin properly. Extensive and rapid works on the reconstruction of buildings at Mediana and the construction of monumental buildings in the second construction phase (330-378) were related to the preparations for the celebration of the thirty years of Emperor Constantine&#8217;s reign. After the completed reconstruction, the appearance and function of the central area in Mediana were changed &#8211; with expensive building materials, luxurious mosaics and fresco painting, as well as high-quality sculptures, legitimacy was fully given to a real imperial estate and residence. Since Mediana was located next to the Via Militaris, as the imperial complex of Constantine the Great\u2019s villa, any visitor could see the villa from the road and at the entrance to the Imperial complex of the villa with peristyle they were greeted by a statue of Dea Dardanica, the patron goddess of the Dardanians, to whom Emperor Constantine&#8217;s father, Constantius Chlorus and Constantine the Great belonged. The monumentality of the buildings\u2019 architecture was carefully designed and the imperial ceremonial ritual introduced by Emperor Diocletian (known as <\/span><i><span style=\"font-weight: 400;\">proskynesis<\/span><\/i><span style=\"font-weight: 400;\">), was fully respected, with a clear message about the origin, importance and power of the emperor.<\/span><\/p>\n<p><span style=\"font-weight: 400;\">It is assumed that after 383, by the order of the Roman emperor, the families of the Gothic federates settled in the area of the residential complex at Mediana. Their graves were found inside and outside the area of the villa with peristyle. The new residents adapted the buildings for their own needs, which is attested by the division of the peristyle space into two parts by a drywall, the construction of a long wooden porch along the eastern facade, as well as the separation of the northern part of the villa complex by a wall of pebbles or crushed stone connected with mud or poor lime mortar. Two early Christian churches, around which a necropolis of Gothic settlers was discovered, also belong to this period. Life in the ancient settlement at Mediana was interrupted by the invasion of the Huns in 441 and the area itself was inhabited again only from the 11<\/span><span style=\"font-weight: 400;\">th<\/span><span style=\"font-weight: 400;\">-12<\/span><span style=\"font-weight: 400;\">th<\/span><span style=\"font-weight: 400;\"> century.<\/span><\/p>\n<p><span style=\"font-weight: 400;\">Since 2019, with the support of the Ministry of Culture and Information of the Republic of Serbia, the area of the baths (thermae) at Mediana has been excavated, and since 2022, conservation and restoration works have been conducted, with the goal of an accurate and adequate presentation and promotion of the imperial domain of Constantine the Great&#8217;s villa at Mediana.<\/span><\/p>\n<h3><strong>\u00a0<\/strong><\/h3>\n<p>[\/vc_column_text][vc_empty_space][\/vc_column][\/vc_row][vc_row][vc_column][vc_column_text]<\/p>\n<h3><strong>\u041e\u0434\u0430\u0431\u0440\u0430\u043d\u0430 \u0431\u0438\u0431\u043b\u0438\u043e\u0433\u0440\u0430\u0444\u0438\u0458\u0430:<\/strong><\/h3>\n<p>\u0410\u0440\u0445\u0435\u043e\u043b\u043e\u0448\u043a\u043e \u0431\u043b\u0430\u0433\u043e \u041d\u0438\u0448\u0430. \u041e\u0434 \u043d\u0435\u043e\u043b\u0438\u0442\u0430 \u0434\u043e \u0441\u0440\u0435\u0434\u045a\u0435\u0433 \u0432\u0435\u043a\u0430, \u0413\u0430\u043b\u0435\u0440\u0438\u0458\u0430 \u0421\u0410\u041d\u0423 \u043a\u045a. 102, \u0411\u0435\u043e\u0433\u0440\u0430\u0434 2004.<\/p>\n<p>\u0411\u0440\u0430\u0442\u0430\u043d\u0438\u045b, \u0420. 1938. \u0410\u0440\u0445\u0435\u043e\u043b\u043e\u0448\u043a\u0430 \u0438\u0441\u0442\u0440\u0430\u0436\u0438\u0432\u0430\u045a\u0430 \u0443 \u0411\u0440\u0437\u043e\u043c \u0411\u0440\u043e\u0434\u0443, \u0421\u0442\u0430\u0440\u0438\u043d\u0430\u0440 XIII, 199-204.<\/p>\n<p>\u0414\u0440\u0447\u0430, \u0421. 1979. \u041c\u0435\u0434\u0438\u0458\u0430\u043d\u0430 (\u0432\u043e\u0434\u0438\u0447), \u041d\u0438\u0448.<\/p>\n<p>Gavrilovi\u0107 Vitas N., Milo\u0161evi\u0107 G., Crnoglavac V. 2016, Stibadium B of Villa with peristyle at Mediana, \u0421\u0442\u0430\u0440\u0438\u043d\u0430\u0440, LXVI, 81-102.<\/p>\n<p>Gavrilovi\u0107 N. 2017, The Marble Group Depicting Drunken Dionysus with Satyr from Mediana, Ante Portam Auream. Studia in Honorem Professoris Aleksandar Jovanovi\u0107, ed. Miroslav B. Vujovi\u0107, Belgrade, 193-203.<\/p>\n<p>Gavrilovi\u0107 Vitas N. 2018, Late Roman Mediana, Roman Limes and Cities on the territory of Serbia, eds. \u041c. Kora\u0107, S. Pop-Lazi\u0107, Serbian Academy of Sciences and Arts \u2013 Institute of Archaeology Belgrade 2018, 172-182.<\/p>\n<p>Jovanovi\u0107 A. 1974, Neki aspekti skupnog nalaza skulptura sa Medijane kod Ni\u0161a, Starinar XXIV-XXV (1973-1974), Beograd, 57-65.<\/p>\n<p>Milo\u0161evi\u0107, G. 1996, Archaeological park \u201cMediana\u201d by Ni\u0161 (Naissus), XIII U.I.S.P.P. Congress International Union of Prehistoric and Protohistoric Sciences, Forli.<\/p>\n<p>Milo\u0161evi\u0107 G., Gavrilovi\u0107 N. 2013, Carska ideologija u arhitekturi, umetnosti i skulpturi rimske vile na Medijani, Zbornik radova 1700 godina milanskog edikta, Ni\u0161, 907-922.<\/p>\n<p>Milo\u0161evi\u0107 G. 2013, The architecture of the residential complex in Mediana, Constantine the Great and the Edict of Milan 313, The birth of Christianity in the Roman provinces on the soil of Serbia (eds. I. Popovi\u0107, B. Bori\u0107-Bre\u0161kovi\u0107), Archaeological Monographs 22, National Museum in Belgrade, Belgrade, 118-125.<\/p>\n<p>Milo\u0161evi\u0107 G. 2011, A residential complex at Mediana: the architectural perspective, (Hrs: Gerda von B\u00fclow\/Heinrich Zabehlicky) Bruckneudorf und Gamzigrad. Sp\u00e4tantike Pal\u00e4ste und Gro\u00dfvillen im Donau-Balkan-Raum. Akten des Internationalen Kolloquiums in Bruckneudorf vom 15. bis 18. Oktober 2008), Bonn, 167-176.<\/p>\n<p>Petrovi\u0107, P. 1994, Medijana. Rezidencija rimskih careva, izd. SANU, Arheolo\u0161ki institut Beograd i NM<\/p>\n<p>Vasi\u0107, M. 2004, Bronze Railing from Mediana, \u0421\u0442\u0430\u0440\u0438\u043d\u0430\u0440 LIII-LIV (2003-2004), Belgrade, 79-109.<\/p>\n<p>Vasi\u0107 M., Gavrilovi\u0107 N. 2012, Venus or Diana from Mediana, Starinar, LXII\/2012, Beograd 2012, 137-149.<\/p>\n<p>Vasi\u0107 M., Milo\u0161evi\u0107 G., Gavrilovi\u0107 Vitas N., Crnoglavac V. 2016, Constantine\u2019s Villa at Mediana, ed. s. Popovi\u0107, The National Museum Ni\u0161, Ni\u0161.<\/p>\n<h3><strong>\u00a0<\/strong><\/h3>\n<p>[\/vc_column_text][vc_empty_space][\/vc_column][\/vc_row][vc_row][vc_column][vc_empty_space height=&#8221;16px&#8221;][\/vc_column][\/vc_row][vc_row][vc_column][vc_empty_space height=&#8221;16px&#8221;][\/vc_column][\/vc_row][vc_row][vc_column][vc_empty_space][\/vc_column][\/vc_row][vc_row css=&#8221;.vc_custom_1529917889058{padding-top: 10px !important;padding-bottom: 25px !important;}&#8221;][vc_column][vc_empty_space][vc_gallery type=&#8221;flexslider_slide&#8221; interval=&#8221;3&#8243; images=&#8221;5674,5677,5680,5683,5686,5689,5692,5695,5698,5701,5704,5707,5710,5713,5716,5719,5722,5725,5728,5731,5734,5737,5740,5743,5746&#8243; img_size=&#8221;large&#8221;][\/vc_column][\/vc_row][vc_row css=&#8221;.vc_custom_1529917889058{padding-top: 10px !important;padding-bottom: 25px !important;}&#8221;][vc_column]<div class=\"eltdf-section-title-holder  eltdf-st-standard eltdf-st-title-left eltdf-st-normal-space \" >\n\t<div class=\"eltdf-st-inner\">\n\t\t\t\t\t<h3 class=\"eltdf-st-title\" >\n\t\t\t\t\u0421\u0430\u0440\u0430\u0434\u043d\u0438\u0446\u0438\t\t\t<\/h3>\n\t\t\t\t\t\t\t<\/div>\n<\/div>[vc_empty_space]<div class=\"eltdf-instructor-slider-holder info-\"><div class=\"eltdf-instructor-list-holder eltdf-grid-list eltdf-disable-bottom-space clearfix eltdf-four-columns eltdf-small-space\" data-number-of-columns=\"3\" data-enable-navigation=\"yes\" data-enable-pagination=\"yes\">\n\t<div class=\"eltdf-tl-inner eltdf-outer-space eltdf-owl-slider eltdf-list-is-slider\" >\n\t\t<div class=\"eltdf-instructor eltdf-item-space info-bellow \">\t<div class=\"eltdf-instructor-inner\">\t\t\t\t\t<div class=\"eltdf-instructor-image\">\t\t\t\t<a itemprop=\"url\" href=\"https:\/\/ai.ac.rs\/en\/instructor\/dr-nadezda-gavrilovic-vitas\/\">\t\t\t\t\t<img loading=\"lazy\" decoding=\"async\" width=\"300\" height=\"300\" src=\"https:\/\/ai.ac.rs\/wp-content\/uploads\/2023\/10\/nadezda-gavrilovic-vitas.jpg\" class=\"attachment-full size-full wp-post-image\" alt=\"\" srcset=\"https:\/\/ai.ac.rs\/wp-content\/uploads\/2023\/10\/nadezda-gavrilovic-vitas.jpg 300w, https:\/\/ai.ac.rs\/wp-content\/uploads\/2023\/10\/nadezda-gavrilovic-vitas-150x150.jpg 150w, https:\/\/ai.ac.rs\/wp-content\/uploads\/2023\/10\/nadezda-gavrilovic-vitas-100x100.jpg 100w\" sizes=\"auto, (max-width: 300px) 100vw, 300px\" \/>\t\t\t\t<\/a>\t\t\t<\/div>\t\t\t\t<div class=\"eltdf-instructor-info\">\t\t\t<div class=\"eltdf-instructor-title-holder\">\t\t\t\t<h4 itemprop=\"name\" class=\"eltdf-instructor-name entry-title\">\t\t\t\t\t<a itemprop=\"url\" href=\"https:\/\/ai.ac.rs\/en\/instructor\/dr-nadezda-gavrilovic-vitas\/\">Dr Nade\u017eda Gavrilovi\u0107 Vitas<\/a>\t\t\t\t<\/h4>\t\t\t\t\t\t\t\t\t\t\t\t\t<h6 class=\"eltdf-instructor-position\">Principal Research Fellow<\/h6>\t\t\t\t\t\t\t<\/div>\t\t\t\t\t\t\t<div class=\"eltdf-instructor-text\">\t\t\t\t\t<div class=\"eltdf-instructor-text-inner\">\t\t\t\t\t\t<div class=\"eltdf-instructor-description\">\t\t\t\t\t\t\t<p itemprop=\"description\" class=\"eltdf-instructor-excerpt\">[vc_row][vc_column][vc_column_text]Interests and methodology of research &nbsp; The research interests of Dr Nade\u017eda Gavrilovi\u0107 Vitas are related to Roman provincial archaeology, with a focus on religion, cults, art and minor arts (primarily Roman statues, sculpture, and votive and funerary monuments and their iconography). In the context of Roman provincial religion, Dr Gavrilovi\u0107 Vitas studies ritual practices and [&hellip;]<\/p>\t\t\t\t\t\t<\/div>\t\t\t\t\t<\/div>\t\t\t\t<\/div>\t\t\t\t\t\t<div class=\"eltdf-instructor-social-holder-between\">\t\t\t\t<div class=\"eltdf-instructor-social\">\t\t\t\t\t<div class=\"eltdf-instructor-social-inner\">\t\t\t\t\t\t<div class=\"eltdf-instructor-social-wrapp\">\t\t\t\t\t\t\t\t\t\t\t\t\t<\/div>\t\t\t\t\t<\/div>\t\t\t\t<\/div>\t\t\t<\/div>\t\t<\/div>\t<\/div><\/div><div class=\"eltdf-instructor eltdf-item-space info-bellow \">\t<div class=\"eltdf-instructor-inner\">\t\t\t\t\t<div class=\"eltdf-instructor-image\">\t\t\t\t<a itemprop=\"url\" href=\"https:\/\/ai.ac.rs\/en\/instructor\/ma-marija-jovic\/\">\t\t\t\t\t<img loading=\"lazy\" decoding=\"async\" width=\"300\" height=\"300\" src=\"https:\/\/ai.ac.rs\/wp-content\/uploads\/2023\/10\/marija-jovic.jpg\" class=\"attachment-full size-full wp-post-image\" alt=\"\" srcset=\"https:\/\/ai.ac.rs\/wp-content\/uploads\/2023\/10\/marija-jovic.jpg 300w, https:\/\/ai.ac.rs\/wp-content\/uploads\/2023\/10\/marija-jovic-150x150.jpg 150w, https:\/\/ai.ac.rs\/wp-content\/uploads\/2023\/10\/marija-jovic-100x100.jpg 100w\" sizes=\"auto, (max-width: 300px) 100vw, 300px\" \/>\t\t\t\t<\/a>\t\t\t<\/div>\t\t\t\t<div class=\"eltdf-instructor-info\">\t\t\t<div class=\"eltdf-instructor-title-holder\">\t\t\t\t<h4 itemprop=\"name\" class=\"eltdf-instructor-name entry-title\">\t\t\t\t\t<a itemprop=\"url\" href=\"https:\/\/ai.ac.rs\/en\/instructor\/ma-marija-jovic\/\">Marija Jovi\u0107<\/a>\t\t\t\t<\/h4>\t\t\t\t\t\t\t\t\t\t\t\t\t<h6 class=\"eltdf-instructor-position\">Research Associate<\/h6>\t\t\t\t\t\t\t<\/div>\t\t\t\t\t\t\t<div class=\"eltdf-instructor-text\">\t\t\t\t\t<div class=\"eltdf-instructor-text-inner\">\t\t\t\t\t\t<div class=\"eltdf-instructor-description\">\t\t\t\t\t\t\t<p itemprop=\"description\" class=\"eltdf-instructor-excerpt\">[vc_row][vc_column][vc_column_text]Interests and methodology of research &nbsp; Marija Jovi\u0107 specializes in Roman-period archaeology. Through many years of rescue and systematic excavations, she has gained extensive experience in analyzing the formation of Roman military fortifications and Late Antique necropolises in southern and southeastern Serbia, as well as in the study of Roman archaeological material, particularly ceramics and coins. [&hellip;]<\/p>\t\t\t\t\t\t<\/div>\t\t\t\t\t<\/div>\t\t\t\t<\/div>\t\t\t\t\t\t<div class=\"eltdf-instructor-social-holder-between\">\t\t\t\t<div class=\"eltdf-instructor-social\">\t\t\t\t\t<div class=\"eltdf-instructor-social-inner\">\t\t\t\t\t\t<div class=\"eltdf-instructor-social-wrapp\">\t\t\t\t\t\t\t\t\t\t\t\t\t<\/div>\t\t\t\t\t<\/div>\t\t\t\t<\/div>\t\t\t<\/div>\t\t<\/div>\t<\/div><\/div><div class=\"eltdf-instructor eltdf-item-space info-bellow \">\t<div class=\"eltdf-instructor-inner\">\t\t\t\t\t<div class=\"eltdf-instructor-image\">\t\t\t\t<a itemprop=\"url\" href=\"https:\/\/ai.ac.rs\/en\/instructor\/dr-igor-bjelic\/\">\t\t\t\t\t<img loading=\"lazy\" decoding=\"async\" width=\"300\" height=\"300\" src=\"https:\/\/ai.ac.rs\/wp-content\/uploads\/2023\/10\/igorbjelic.jpg\" class=\"attachment-full size-full wp-post-image\" alt=\"\" srcset=\"https:\/\/ai.ac.rs\/wp-content\/uploads\/2023\/10\/igorbjelic.jpg 300w, https:\/\/ai.ac.rs\/wp-content\/uploads\/2023\/10\/igorbjelic-150x150.jpg 150w, https:\/\/ai.ac.rs\/wp-content\/uploads\/2023\/10\/igorbjelic-100x100.jpg 100w\" sizes=\"auto, (max-width: 300px) 100vw, 300px\" \/>\t\t\t\t<\/a>\t\t\t<\/div>\t\t\t\t<div class=\"eltdf-instructor-info\">\t\t\t<div class=\"eltdf-instructor-title-holder\">\t\t\t\t<h4 itemprop=\"name\" class=\"eltdf-instructor-name entry-title\">\t\t\t\t\t<a itemprop=\"url\" href=\"https:\/\/ai.ac.rs\/en\/instructor\/dr-igor-bjelic\/\">Dr Igor Bjeli\u0107<\/a>\t\t\t\t<\/h4>\t\t\t\t\t\t\t\t\t\t\t\t\t<h6 class=\"eltdf-instructor-position\">Research Associate<\/h6>\t\t\t\t\t\t\t<\/div>\t\t\t\t\t\t\t<div class=\"eltdf-instructor-text\">\t\t\t\t\t<div class=\"eltdf-instructor-text-inner\">\t\t\t\t\t\t<div class=\"eltdf-instructor-description\">\t\t\t\t\t\t\t<p itemprop=\"description\" class=\"eltdf-instructor-excerpt\">[vc_row][vc_column][vc_column_text]Interests and methodology of research &nbsp; Dr Igor Bjeli\u0107 is mostly dedicated to the research of influence transmission in antique architecture from Byzantine architecture to local architecture on the territory of Serbia. Dr Bjeli\u0107 is also involved in the analysis of materials, arch construction, heating construction, waterworks, fortifications, urban structures, Roman and Medieval towns, architectural decoration, [&hellip;]<\/p>\t\t\t\t\t\t<\/div>\t\t\t\t\t<\/div>\t\t\t\t<\/div>\t\t\t\t\t\t<div class=\"eltdf-instructor-social-holder-between\">\t\t\t\t<div class=\"eltdf-instructor-social\">\t\t\t\t\t<div class=\"eltdf-instructor-social-inner\">\t\t\t\t\t\t<div class=\"eltdf-instructor-social-wrapp\">\t\t\t\t\t\t\t\t\t\t\t\t\t<\/div>\t\t\t\t\t<\/div>\t\t\t\t<\/div>\t\t\t<\/div>\t\t<\/div>\t<\/div><\/div>\t<\/div>\n<\/div><\/div>[\/vc_column][\/vc_row][vc_row][vc_column][vc_empty_space height=&#8221;16px&#8221;][\/vc_column][\/vc_row][vc_row][vc_column][vc_empty_space height=&#8221;16px&#8221;][\/vc_column][\/vc_row][vc_row][vc_column][vc_empty_space height=&#8221;16px&#8221;][\/vc_column][\/vc_row][vc_row][vc_column][vc_empty_space height=&#8221;16px&#8221;][\/vc_column][\/vc_row][vc_row][vc_column][vc_empty_space height=&#8221;16px&#8221;][\/vc_column][\/vc_row][vc_row][vc_column][vc_empty_space][\/vc_column][\/vc_row]<\/p>\n<\/section>","protected":false},"excerpt":{"rendered":"<p>The archaeological site of Mediana is an open-type settlement located about 4 km east of Ni\u0161 (Naissus). It developed from an agricultural farm to a luxurious administrative-residential complex with buildings of various purposes. It was the birthplace of the Roman Emperor Constantine the Great who, in the period between 317 and 334, often stayed in the Balkans and then built and reconstructed different buildings at Mediana, of which the villa with peristyle is the most significant and the most fully explored building. Mediana represented an imperial residence that was visited by different successors of Constantine the Great (such as Constans and Constantius II) who continued to reconstruct and build at Mediana, and where, in 364, Valentian I and Valens divided the army and the Roman empire between themselves.<\/p>\n","protected":false},"author":3,"featured_media":5711,"comment_status":"closed","ping_status":"open","sticky":false,"template":"","format":"standard","meta":{"_bbp_topic_count":0,"_bbp_reply_count":0,"_bbp_total_topic_count":0,"_bbp_total_reply_count":0,"_bbp_voice_count":0,"_bbp_anonymous_reply_count":0,"_bbp_topic_count_hidden":0,"_bbp_reply_count_hidden":0,"_bbp_forum_subforum_count":0,"inline_featured_image":false,"footnotes":""},"categories":[187],"tags":[],"class_list":["post-7640","post","type-post","status-publish","format-standard","has-post-thumbnail","hentry","category-antiquity"],"yoast_head":"<!-- This site is optimized with the Yoast SEO plugin v22.0 - https:\/\/yoast.com\/wordpress\/plugins\/seo\/ -->\n<title>NAISSUS \u2013 MEDIANA - Institute of Archaeology<\/title>\n<meta name=\"robots\" content=\"index, follow, max-snippet:-1, max-image-preview:large, max-video-preview:-1\" \/>\n<link rel=\"canonical\" href=\"https:\/\/ai.ac.rs\/en\/naissus-mediana\/\" \/>\n<meta property=\"og:locale\" content=\"en_US\" \/>\n<meta property=\"og:type\" content=\"article\" \/>\n<meta property=\"og:title\" content=\"NAISSUS \u2013 MEDIANA - Institute of Archaeology\" \/>\n<meta property=\"og:description\" content=\"The archaeological site of Mediana is an open-type settlement located about 4 km east of Ni\u0161 (Naissus). It developed from an agricultural farm to a luxurious administrative-residential complex with buildings of various purposes. It was the birthplace of the Roman Emperor Constantine the Great who, in the period between 317 and 334, often stayed in the Balkans and then built and reconstructed different buildings at Mediana, of which the villa with peristyle is the most significant and the most fully explored building. Mediana represented an imperial residence that was visited by different successors of Constantine the Great (such as Constans and Constantius II) who continued to reconstruct and build at Mediana, and where, in 364, Valentian I and Valens divided the army and the Roman empire between themselves.\" \/>\n<meta property=\"og:url\" content=\"https:\/\/ai.ac.rs\/en\/naissus-mediana\/\" \/>\n<meta property=\"og:site_name\" content=\"Institute of Archaeology\" \/>\n<meta property=\"article:publisher\" content=\"https:\/\/www.facebook.com\/profile.php?id=100063480880081&amp;sk\" \/>\n<meta property=\"article:published_time\" content=\"2023-10-09T12:05:03+00:00\" \/>\n<meta property=\"article:modified_time\" content=\"2024-05-28T15:42:44+00:00\" \/>\n<meta property=\"og:image\" content=\"https:\/\/ai.ac.rs\/wp-content\/uploads\/2023\/10\/mozaik-meduza.jpg\" \/>\n\t<meta property=\"og:image:width\" content=\"960\" \/>\n\t<meta property=\"og:image:height\" content=\"721\" \/>\n\t<meta property=\"og:image:type\" content=\"image\/jpeg\" \/>\n<meta name=\"author\" content=\"urednik\" \/>\n<meta name=\"twitter:card\" content=\"summary_large_image\" \/>\n<meta name=\"twitter:creator\" content=\"@arheoinst\" \/>\n<meta name=\"twitter:site\" content=\"@arheoinst\" \/>\n<meta name=\"twitter:label1\" content=\"Written by\" \/>\n\t<meta name=\"twitter:data1\" content=\"urednik\" \/>\n\t<meta name=\"twitter:label2\" content=\"Est. reading time\" \/>\n\t<meta name=\"twitter:data2\" content=\"9 minutes\" \/>\n<script type=\"application\/ld+json\" class=\"yoast-schema-graph\">{\"@context\":\"https:\/\/schema.org\",\"@graph\":[{\"@type\":\"Article\",\"@id\":\"https:\/\/ai.ac.rs\/en\/naissus-mediana\/#article\",\"isPartOf\":{\"@id\":\"https:\/\/ai.ac.rs\/en\/naissus-mediana\/\"},\"author\":{\"name\":\"urednik\",\"@id\":\"https:\/\/ai.ac.rs\/#\/schema\/person\/386f94fe666e3d4e71c9e002f26bc205\"},\"headline\":\"NAISSUS \u2013 MEDIANA\",\"datePublished\":\"2023-10-09T12:05:03+00:00\",\"dateModified\":\"2024-05-28T15:42:44+00:00\",\"mainEntityOfPage\":{\"@id\":\"https:\/\/ai.ac.rs\/en\/naissus-mediana\/\"},\"wordCount\":1760,\"publisher\":{\"@id\":\"https:\/\/ai.ac.rs\/#organization\"},\"articleSection\":[\"Antiquity\"],\"inLanguage\":\"en-US\"},{\"@type\":\"WebPage\",\"@id\":\"https:\/\/ai.ac.rs\/en\/naissus-mediana\/\",\"url\":\"https:\/\/ai.ac.rs\/en\/naissus-mediana\/\",\"name\":\"NAISSUS \u2013 MEDIANA - Institute of Archaeology\",\"isPartOf\":{\"@id\":\"https:\/\/ai.ac.rs\/#website\"},\"datePublished\":\"2023-10-09T12:05:03+00:00\",\"dateModified\":\"2024-05-28T15:42:44+00:00\",\"breadcrumb\":{\"@id\":\"https:\/\/ai.ac.rs\/en\/naissus-mediana\/#breadcrumb\"},\"inLanguage\":\"en-US\",\"potentialAction\":[{\"@type\":\"ReadAction\",\"target\":[\"https:\/\/ai.ac.rs\/en\/naissus-mediana\/\"]}]},{\"@type\":\"BreadcrumbList\",\"@id\":\"https:\/\/ai.ac.rs\/en\/naissus-mediana\/#breadcrumb\",\"itemListElement\":[{\"@type\":\"ListItem\",\"position\":1,\"name\":\"\u041f\u043e\u0447\u0435\u0442\u043d\u0430\",\"item\":\"https:\/\/ai.ac.rs\/en\/\"},{\"@type\":\"ListItem\",\"position\":2,\"name\":\"NAISSUS \u2013 MEDIANA\"}]},{\"@type\":\"WebSite\",\"@id\":\"https:\/\/ai.ac.rs\/#website\",\"url\":\"https:\/\/ai.ac.rs\/\",\"name\":\"A\u0440\u0445\u0435\u043e\u043b\u043e\u0448\u043a\u0438 \u0438\u043d\u0441\u0442\u0438\u0442\u0443\u0442\",\"description\":\"Srbija\",\"publisher\":{\"@id\":\"https:\/\/ai.ac.rs\/#organization\"},\"potentialAction\":[{\"@type\":\"SearchAction\",\"target\":{\"@type\":\"EntryPoint\",\"urlTemplate\":\"https:\/\/ai.ac.rs\/?s={search_term_string}\"},\"query-input\":\"required name=search_term_string\"}],\"inLanguage\":\"en-US\"},{\"@type\":\"Organization\",\"@id\":\"https:\/\/ai.ac.rs\/#organization\",\"name\":\"A\u0440\u0445\u0435\u043e\u043b\u043e\u0448\u043a\u0438 \u0438\u043d\u0441\u0442\u0438\u0442\u0443\u0442\",\"url\":\"https:\/\/ai.ac.rs\/\",\"logo\":{\"@type\":\"ImageObject\",\"inLanguage\":\"en-US\",\"@id\":\"https:\/\/ai.ac.rs\/#\/schema\/logo\/image\/\",\"url\":\"https:\/\/ai.ac.rs\/wp-content\/uploads\/2023\/07\/f-logop.png\",\"contentUrl\":\"https:\/\/ai.ac.rs\/wp-content\/uploads\/2023\/07\/f-logop.png\",\"width\":300,\"height\":238,\"caption\":\"A\u0440\u0445\u0435\u043e\u043b\u043e\u0448\u043a\u0438 \u0438\u043d\u0441\u0442\u0438\u0442\u0443\u0442\"},\"image\":{\"@id\":\"https:\/\/ai.ac.rs\/#\/schema\/logo\/image\/\"},\"sameAs\":[\"https:\/\/www.facebook.com\/profile.php?id=100063480880081&sk\",\"https:\/\/twitter.com\/arheoinst\",\"https:\/\/www.instagram.com\/arheoloski.institut.rs\/\"]},{\"@type\":\"Person\",\"@id\":\"https:\/\/ai.ac.rs\/#\/schema\/person\/386f94fe666e3d4e71c9e002f26bc205\",\"name\":\"urednik\",\"image\":{\"@type\":\"ImageObject\",\"inLanguage\":\"en-US\",\"@id\":\"https:\/\/ai.ac.rs\/#\/schema\/person\/image\/\",\"url\":\"https:\/\/secure.gravatar.com\/avatar\/62865591ff91df9391f6c64656f59a48ead5d7a5187e14295fd642a19a97dd8a?s=96&d=mm&r=g\",\"contentUrl\":\"https:\/\/secure.gravatar.com\/avatar\/62865591ff91df9391f6c64656f59a48ead5d7a5187e14295fd642a19a97dd8a?s=96&d=mm&r=g\",\"caption\":\"urednik\"},\"url\":\"https:\/\/ai.ac.rs\/en\/author\/urednik\/\"}]}<\/script>\n<!-- \/ Yoast SEO plugin. -->","yoast_head_json":{"title":"NAISSUS \u2013 MEDIANA - Institute of Archaeology","robots":{"index":"index","follow":"follow","max-snippet":"max-snippet:-1","max-image-preview":"max-image-preview:large","max-video-preview":"max-video-preview:-1"},"canonical":"https:\/\/ai.ac.rs\/en\/naissus-mediana\/","og_locale":"en_US","og_type":"article","og_title":"NAISSUS \u2013 MEDIANA - Institute of Archaeology","og_description":"The archaeological site of Mediana is an open-type settlement located about 4 km east of Ni\u0161 (Naissus). It developed from an agricultural farm to a luxurious administrative-residential complex with buildings of various purposes. It was the birthplace of the Roman Emperor Constantine the Great who, in the period between 317 and 334, often stayed in the Balkans and then built and reconstructed different buildings at Mediana, of which the villa with peristyle is the most significant and the most fully explored building. Mediana represented an imperial residence that was visited by different successors of Constantine the Great (such as Constans and Constantius II) who continued to reconstruct and build at Mediana, and where, in 364, Valentian I and Valens divided the army and the Roman empire between themselves.","og_url":"https:\/\/ai.ac.rs\/en\/naissus-mediana\/","og_site_name":"Institute of Archaeology","article_publisher":"https:\/\/www.facebook.com\/profile.php?id=100063480880081&sk","article_published_time":"2023-10-09T12:05:03+00:00","article_modified_time":"2024-05-28T15:42:44+00:00","og_image":[{"width":960,"height":721,"url":"https:\/\/ai.ac.rs\/wp-content\/uploads\/2023\/10\/mozaik-meduza.jpg","type":"image\/jpeg"}],"author":"urednik","twitter_card":"summary_large_image","twitter_creator":"@arheoinst","twitter_site":"@arheoinst","twitter_misc":{"Written by":"urednik","Est. reading time":"9 minutes"},"schema":{"@context":"https:\/\/schema.org","@graph":[{"@type":"Article","@id":"https:\/\/ai.ac.rs\/en\/naissus-mediana\/#article","isPartOf":{"@id":"https:\/\/ai.ac.rs\/en\/naissus-mediana\/"},"author":{"name":"urednik","@id":"https:\/\/ai.ac.rs\/#\/schema\/person\/386f94fe666e3d4e71c9e002f26bc205"},"headline":"NAISSUS \u2013 MEDIANA","datePublished":"2023-10-09T12:05:03+00:00","dateModified":"2024-05-28T15:42:44+00:00","mainEntityOfPage":{"@id":"https:\/\/ai.ac.rs\/en\/naissus-mediana\/"},"wordCount":1760,"publisher":{"@id":"https:\/\/ai.ac.rs\/#organization"},"articleSection":["Antiquity"],"inLanguage":"en-US"},{"@type":"WebPage","@id":"https:\/\/ai.ac.rs\/en\/naissus-mediana\/","url":"https:\/\/ai.ac.rs\/en\/naissus-mediana\/","name":"NAISSUS \u2013 MEDIANA - Institute of Archaeology","isPartOf":{"@id":"https:\/\/ai.ac.rs\/#website"},"datePublished":"2023-10-09T12:05:03+00:00","dateModified":"2024-05-28T15:42:44+00:00","breadcrumb":{"@id":"https:\/\/ai.ac.rs\/en\/naissus-mediana\/#breadcrumb"},"inLanguage":"en-US","potentialAction":[{"@type":"ReadAction","target":["https:\/\/ai.ac.rs\/en\/naissus-mediana\/"]}]},{"@type":"BreadcrumbList","@id":"https:\/\/ai.ac.rs\/en\/naissus-mediana\/#breadcrumb","itemListElement":[{"@type":"ListItem","position":1,"name":"\u041f\u043e\u0447\u0435\u0442\u043d\u0430","item":"https:\/\/ai.ac.rs\/en\/"},{"@type":"ListItem","position":2,"name":"NAISSUS \u2013 MEDIANA"}]},{"@type":"WebSite","@id":"https:\/\/ai.ac.rs\/#website","url":"https:\/\/ai.ac.rs\/","name":"A\u0440\u0445\u0435\u043e\u043b\u043e\u0448\u043a\u0438 \u0438\u043d\u0441\u0442\u0438\u0442\u0443\u0442","description":"Srbija","publisher":{"@id":"https:\/\/ai.ac.rs\/#organization"},"potentialAction":[{"@type":"SearchAction","target":{"@type":"EntryPoint","urlTemplate":"https:\/\/ai.ac.rs\/?s={search_term_string}"},"query-input":"required name=search_term_string"}],"inLanguage":"en-US"},{"@type":"Organization","@id":"https:\/\/ai.ac.rs\/#organization","name":"A\u0440\u0445\u0435\u043e\u043b\u043e\u0448\u043a\u0438 \u0438\u043d\u0441\u0442\u0438\u0442\u0443\u0442","url":"https:\/\/ai.ac.rs\/","logo":{"@type":"ImageObject","inLanguage":"en-US","@id":"https:\/\/ai.ac.rs\/#\/schema\/logo\/image\/","url":"https:\/\/ai.ac.rs\/wp-content\/uploads\/2023\/07\/f-logop.png","contentUrl":"https:\/\/ai.ac.rs\/wp-content\/uploads\/2023\/07\/f-logop.png","width":300,"height":238,"caption":"A\u0440\u0445\u0435\u043e\u043b\u043e\u0448\u043a\u0438 \u0438\u043d\u0441\u0442\u0438\u0442\u0443\u0442"},"image":{"@id":"https:\/\/ai.ac.rs\/#\/schema\/logo\/image\/"},"sameAs":["https:\/\/www.facebook.com\/profile.php?id=100063480880081&sk","https:\/\/twitter.com\/arheoinst","https:\/\/www.instagram.com\/arheoloski.institut.rs\/"]},{"@type":"Person","@id":"https:\/\/ai.ac.rs\/#\/schema\/person\/386f94fe666e3d4e71c9e002f26bc205","name":"urednik","image":{"@type":"ImageObject","inLanguage":"en-US","@id":"https:\/\/ai.ac.rs\/#\/schema\/person\/image\/","url":"https:\/\/secure.gravatar.com\/avatar\/62865591ff91df9391f6c64656f59a48ead5d7a5187e14295fd642a19a97dd8a?s=96&d=mm&r=g","contentUrl":"https:\/\/secure.gravatar.com\/avatar\/62865591ff91df9391f6c64656f59a48ead5d7a5187e14295fd642a19a97dd8a?s=96&d=mm&r=g","caption":"urednik"},"url":"https:\/\/ai.ac.rs\/en\/author\/urednik\/"}]}},"_links":{"self":[{"href":"https:\/\/ai.ac.rs\/en\/wp-json\/wp\/v2\/posts\/7640","targetHints":{"allow":["GET"]}}],"collection":[{"href":"https:\/\/ai.ac.rs\/en\/wp-json\/wp\/v2\/posts"}],"about":[{"href":"https:\/\/ai.ac.rs\/en\/wp-json\/wp\/v2\/types\/post"}],"author":[{"embeddable":true,"href":"https:\/\/ai.ac.rs\/en\/wp-json\/wp\/v2\/users\/3"}],"replies":[{"embeddable":true,"href":"https:\/\/ai.ac.rs\/en\/wp-json\/wp\/v2\/comments?post=7640"}],"version-history":[{"count":5,"href":"https:\/\/ai.ac.rs\/en\/wp-json\/wp\/v2\/posts\/7640\/revisions"}],"predecessor-version":[{"id":9875,"href":"https:\/\/ai.ac.rs\/en\/wp-json\/wp\/v2\/posts\/7640\/revisions\/9875"}],"wp:featuredmedia":[{"embeddable":true,"href":"https:\/\/ai.ac.rs\/en\/wp-json\/wp\/v2\/media\/5711"}],"wp:attachment":[{"href":"https:\/\/ai.ac.rs\/en\/wp-json\/wp\/v2\/media?parent=7640"}],"wp:term":[{"taxonomy":"category","embeddable":true,"href":"https:\/\/ai.ac.rs\/en\/wp-json\/wp\/v2\/categories?post=7640"},{"taxonomy":"post_tag","embeddable":true,"href":"https:\/\/ai.ac.rs\/en\/wp-json\/wp\/v2\/tags?post=7640"}],"curies":[{"name":"wp","href":"https:\/\/api.w.org\/{rel}","templated":true}]}}