{"id":7635,"date":"2023-09-18T22:15:43","date_gmt":"2023-09-18T21:15:43","guid":{"rendered":"https:\/\/ai.ac.rs\/?p=7635"},"modified":"2026-03-01T22:58:31","modified_gmt":"2026-03-01T21:58:31","slug":"timacum-minus-ravna-near-knjazevac","status":"publish","type":"post","link":"https:\/\/ai.ac.rs\/en\/timacum-minus-ravna-near-knjazevac\/","title":{"rendered":"TIMACUM MINUS \u2013 RAVNA NEAR KNJA\u017dEVAC"},"content":{"rendered":"<section class=\"wpb-content-wrapper\"><p>[vc_row][vc_column width=&#8221;1\/3&#8243;][vc_single_image image=&#8221;4578&#8243; img_size=&#8221;full&#8221;][\/vc_column][vc_column width=&#8221;2\/3&#8243;][vc_column_text css=&#8221;.vc_custom_1772402295273{padding-top: 20px !important;padding-right: 40px !important;padding-bottom: 30px !important;padding-left: 40px !important;background-color: #f9f9f9 !important;}&#8221;]Project Director: Dr\u00a0 Marija Jovi\u0107<\/p>\n<p><strong>Team\u00a0:<\/strong><\/p>\n<p>Dr Igor Bjeli\u0107, Institute of Archaeology, Belgrade<\/p>\n<p>MA Bojana Iliji\u0107, Homeland Museum, Knja\u017eevac<\/p>\n<p>MA Nikola Radinovi\u0107- Belgrade<\/p>\n<p><strong>Co-operation:<\/strong><\/p>\n<p>Institute of Archaeology, Belgrade<\/p>\n<p>Homeland Museum, Knja\u017eevac<\/p>\n<p>Institute for the Protection of Cultural Monuments, Ni\u0161[\/vc_column_text][\/vc_column][\/vc_row][vc_row][vc_column][vc_column_text]<strong>The Roman fortification of Timacum Minus was the administrative centre of the Roman mining area, and is dated from the mid-1<sup>st<\/sup> to the mid-5<sup>th<\/sup> century AD. The site is located on the left bank of the Beli Timok river, about 400 m east of the village of Ravna, which is 10 km northwest of Knja\u017eevac, in eastern Serbia. The remains of a civilian settlement were identified by archaeological prospection and small-scale trial trenching in the area north and south of the fort. Northeast of the fort, Roman baths were explored, while in the southwest a large building with a hypocaust heating system was partially excavated. Based on the finds of alters and the remains of a stone sculpture it is assumed that the shrines of Jupiter Dolichenus, Diana, Mars and Mithras existed in the civilian settlement. Archaeological prospection at the site of Timacum Minus determined the location of the Roman and mediaeval necropolis.\u00a0<\/strong><\/p>\n<h3><strong>\u00a0<\/strong><\/h3>\n<p>[\/vc_column_text][vc_empty_space][\/vc_column][\/vc_row][vc_row][vc_column][vc_column_text]The Roman site of Timacum Minus is located on the left bank of the White Timok, about 400 m east of the village of Ravna, which is located 10 km northwest of Knja\u017eevac, in eastern Serbia.<\/p>\n<p>Since 1975, the Archaeological Institute in Belgrade, in cooperation with the Local Museum of Knja\u017eevac, has continuously carried out systematic archaeological research of the Roman site of Timacum Minus. The Project Director from 1975 to 1996 was Dr Petar Petrovi\u0107, who, together with his collaborators, published the preliminary results of archaeological research and epigraphic monuments from this locality.<\/p>\n<p>Archaeological investigations of the Timacum Minus fortification over an area of about two hectares, at the site of Kuline, revealed the remains of the oldest earthen fortification with a palisade and wooden square towers in the sector of the north-western tower and, along the eastern rampart, a defensive trench &#8211; fossa, created in the middle of the 1<sup>st<\/sup> century AD. The company of this, the oldest fortification, was the cohors I Thracum Syriaca. Excavations in the sector of the western and southern gates, in the north-eastern, north-western and south-western corners of the fortification revealed the first stone fortification from the first half of the 2<sup>nd<\/sup> century. It had a rectangular base, with dimensions of 144 (east-west) x 112 m (north-south), rounded corners and internal square towers. The western and southern gates were about 3 m wide, flanked by two inner square towers each. The fortress had one such gate on all four ramparts. Between the corners and gates of the fortification, there were two inner square towers. From the formation of the stone castle until the late antique period, the company consisted of the cavalry cohors II Aurelia Dardanorum.<\/p>\n<p>During the renovation of the fortifications, undertaken at the end of the 3<sup>rd<\/sup> century in this phase, the fortification retained the foundation from the previous period, and rectangular towers were built, which partially extend beyond the line of the restored rampart. During the first half of the 4<sup>th<\/sup> century, Timacum Minus was defended by 16 to 20 towers. The characteristic of this phase is that the towers and ramparts were built from blocks of grey sandstone and spoila from buildings from the previous period, among them tombstones from the nearby necropolis from the 2<sup>nd<\/sup> and 3<sup>rd<\/sup> centuries.<\/p>\n<p>Archaeological research in the sector of the southern gate confirmed the restoration of the fortification from the middle of the 4<sup>th<\/sup> century. During the second half of the 4<sup>th<\/sup> century, the ramparts of Timacum Minus were rebuilt for the last time. Research revealed large projecting towers with a rectangular base, built in the opus mixtum technique. At this stage of the fort&#8217;s life, only the eastern gate was functional, and the fort had 15 to 17 large projecting towers, as well as a strong rampart with an average width of about 3 m. This fortification was destroyed in a fire at the beginning of the 5<sup>th<\/sup> century, as evidenced by the level of burning in the sector of the southern gate. In the last two decades of the 4<sup>th<\/sup> century, cohort II Aurelia Dardanorum was replaced by a cavalry detachment of pseudocomitatenses Timacenses auxiliarii, a unit that protected the entire area of Timoc.<\/p>\n<p>In the sector of the southern gate, construction activities from the first half of the 5<sup>th<\/sup> century were also discovered. To the east of the gate, traces of archaeometallurgical activities were found in this phase. Life in the fortress was interrupted in the middle of the 5<sup>th<\/sup> century by massive destruction in a fire.<\/p>\n<p>In the interior of the fortification, on the path of the decumanus (via principalis decumana), a large building with pilasters, most likely the principia, were partially explored. Based on archaeological finds, this building was dated to the 4<sup>th<\/sup> century, and it was in operation until the middle of the 5<sup>th<\/sup> century. In the first half of the 5<sup>th<\/sup> century, it was used as a warehouse &#8211; horreum.\u00a0 In the northeast corner of the fortification a circular building was discovered with a diameter of 6 m, most likely a cistern or pool for washing or separating ore. Metallurgical activities were confirmed in Timacum Minus from the second half of the 4<sup>th<\/sup> century in the sector of the southern gate.<\/p>\n<p>The remains of the urban civilian settlement were ascertained by prospecting and smaller soundings in the area south of the fortification, where parts of two buildings, one from the 2<sup>nd<\/sup> to 3<sup>rd<\/sup> century and the other from the first half of the 4<sup>th<\/sup> century. Northeast of the castle, on the banks of the Timok, the thermal baths (thermae I) built in the 2<sup>nd<\/sup> century and abandoned at the end of the 4<sup>th<\/sup> century have been fully excavated. To the southwest of the fortification, a large building with a loose foundation, with two apses on the southern facade and with a hypocaust heating system, was partially explored, most likely a public bath (thermae II) or a luxury villa (villa urbana).<\/p>\n<p>Based on the finds of altars, votive inscriptions and remains of stone sculptures, the existence of temples dedicated to Jupiter Dolichen, Diana and Mithras was confirmed in the civil settlement of Timacum Minus, while a smaller sanctuary dedicated to Mars was most likely located in the campsa.<\/p>\n<p>During systematic research on this site, the location of Roman necropolises was generally established. A large number of discovered tombstones, built into the ramparts of the rebuilt fortifications testify to a large necropolis from the 2<sup>nd<\/sup>-3<sup>rd<\/sup> centuries. On the basis of geophysical prospecting, it was determined that it was a necropolis of cremated deceased, which extended to the west of the castle, along the road, at the site of \u0160irina, which is bounded in the north by the bed of the Ropinski stream, in the south by the Selisk stream, and in the west by Slog Hill.<\/p>\n<p>Protective archaeological excavations were carried out on the eastern slope of Slog Hill in 1994-1996 and 2013-2015, about 400 m west of the fortification. A multi-layered necropolis from Late Antiquity, in three phases (from the second half of the 4<sup>th<\/sup>to the first half of the 5<sup>th<\/sup> century) and early Middle Ages, in two phases (8<sup>th<\/sup>-9<sup>th<\/sup> century) was discovered here. A total of 233 graves were investigated. Until now, archaeological research has not revealed the remains of the medieval settlement, to which the necropolis on Slog Hill belongs.<\/p>\n<p>In 1978 and 1994, four skeletal graves and two with cremation, which are part of a bi-ritual Roman necropolis from the end of the 3<sup>rd<\/sup> to the middle of the 4<sup>th<\/sup> century, were investigated at the Ropinski Potok site.<\/p>\n<h3><strong>\u00a0<\/strong><\/h3>\n<p>[\/vc_column_text][vc_empty_space][\/vc_column][\/vc_row][vc_row][vc_column][vc_empty_space][\/vc_column][\/vc_row][vc_row][vc_column][vc_empty_space][\/vc_column][\/vc_row][vc_row][vc_column][vc_column_text]<\/p>\n<div class=\"vc_row wpb_row vc_row-fluid\">\n<div class=\"wpb_column vc_column_container vc_col-sm-4\">\n<div class=\"vc_column-inner\">\n<div class=\"wpb_wrapper\">\n<div class=\"wpb_single_image wpb_content_element vc_align_left\"><\/div>\n<\/div>\n<\/div>\n<\/div>\n<\/div>\n<div class=\"vc_row wpb_row vc_row-fluid\">\n<div class=\"wpb_column vc_column_container vc_col-sm-12\">\n<div class=\"vc_column-inner\">\n<div class=\"wpb_wrapper\">\n<div class=\"vc_empty_space\"><strong style=\"color: #000000; font-size: 18px;\">Selected Bibliography:<\/strong><\/div>\n<\/div>\n<\/div>\n<\/div>\n<\/div>\n<div class=\"vc_row wpb_row vc_row-fluid\">\n<div class=\"wpb_column vc_column_container vc_col-sm-12\">\n<div class=\"vc_column-inner\">\n<div class=\"wpb_wrapper\">\n<div class=\"wpb_text_column wpb_content_element \">\n<div class=\"wpb_wrapper\">\n<p>Petrovi\u0107, P. Inscriptions de la M\u00e9sie Superieure III \u2013 2.Timacum Minus et la Vall\u00e9 du Timok, Beograd: Centre d\u02bc\u00e9tudest \u00e9pigraphiques et numismtiques de la Facult\u00e9 de philosophie de l\u02bcUniversit\u00e9 de Beograd.<br \/>\nPetrovi\u0107, P. Der R\u00f6mische Bergbau in Ravna: Arch\u04d3ologische Notizen, in: Ancient Mining and Metallurgy in Southeast Europe, eds. Petar Petrovi\u0107 and Sla\u0111ana \u0110ur\u0111ekanovi\u0107, Archaeolgical Institute \u2013 Museum of Mining and Metallurgy, Belgrade \u2013 Bor 1995, 195-202.<br \/>\n\u041f\u0435\u0442\u0440\u043e\u0432\u0438\u045b, \u041f. \u0420\u0438\u043c\u0459\u0430\u043d\u0438 \u043d\u0430 \u0422\u0438\u043c\u043e\u043a\u0443 (Summary: Romans in the Timok Valley), \u0443: \u0410\u0440\u0445\u0435\u043e\u043b\u043e\u0433\u0438\u0458\u0430\u043c \u0438\u0441\u0442\u043e\u0447\u043d\u0435 \u0421\u0440\u0431\u0438\u0458\u0435\/Archaeology of Eastern Serbia, \u0443\u0440. \u041c\u0438\u0440\u043e\u0441\u043b\u0430\u0432 \u041b\u0430\u0437\u0438\u045b, \u0426\u0435\u043d\u0442\u0430\u0440 \u0437\u0430 \u0430\u0440\u0445\u0435\u043e\u043b\u043e\u0448\u043a\u0430 \u0438\u0441\u0442\u0440\u0430\u0436\u0438\u0432\u0430\u045a\u0430 \u0424\u0438\u043b\u043e\u0437\u043e\u0444\u0441\u043a\u043e\u0433 \u0444\u0430\u043a\u0443\u043b\u0442\u0435\u0442\u0430, \u0411\u0435\u043e\u0433\u0440\u0430\u0434 1997: 115-131.<br \/>\n\u041f. \u041f\u0435\u0442\u0440\u043e\u0432\u0438\u045b, \u0421. \u0408\u043e\u0432\u0430\u043d\u043e\u0432\u0438\u045b, \u041a\u0443\u043b\u0442\u0443\u0440\u043d\u043e \u0431\u043b\u0430\u0433\u043e \u043a\u045a\u0430\u0436\u0435\u0432\u0430\u0447\u043a\u043e\u0433 \u043a\u0440\u0430\u0458\u0430. \u0410\u0440\u0445\u0435\u043e\u043b\u043e\u0433\u0438\u0458\u0430, \u0410\u0440\u0445\u0435\u043e\u043b\u043e\u0448\u043a\u0438 \u0438\u043d\u0441\u0442\u0438\u0442\u0443\u0442 \u2013 \u0417\u0430\u0432\u0438\u0447\u0430\u0458\u043d\u0438 \u043c\u0443\u0437\u0435\u0458 \u041a\u045a\u0430\u0436\u0435\u0432\u0430\u0446: \u0411\u0435\u043e\u0433\u0440\u0430\u0434 \u2013 \u041a\u045a\u0430\u0436\u0435\u0432\u0430\u0446 1997;<br \/>\nS. Petkovi\u0107, M. Ru\u017ei\u0107, S. Jovanovi\u0107, M. Vuksan, Zs. Zoffmann, Roman and Medieval Necropolis in Ravna near Knja\u017eevac, Archaeological Institute, Monographs, Vol. 42: Beograd 2005.<br \/>\nS. Petkovi\u0107, The Traces of Roman Metallurgy in Eastern Serbia, Journal of Mining and Metallurgy 45 (2) B, Bor 2009, 187 -196.<br \/>\nB. Iliji\u0107, Rimsko utvr\u0111enje Timacum Minus, Knja\u017eevac 2009.<br \/>\n\u0421. \u041f\u0435\u0442\u043a\u043e\u0432\u0438\u045b, \u0411. \u0418\u043b\u0438\u0458\u0438\u045b, \u041f\u0440\u0438\u043b\u043e\u0433 \u043f\u0440\u043e\u0443\u0447\u0430\u0432\u0430\u045a\u0443 \u0440\u0438\u043c\u0441\u043a\u043e\u0433 \u043d\u0430\u0441\u0435\u0459\u0430 \u043d\u0430 \u043b\u043e\u043a\u0430\u043b\u0438\u0442\u0435\u0442\u0443 Timacum Minus \u043a\u043e\u0434 \u041a\u045a\u0430\u0436\u0435\u0432\u0446\u0430, \u0413\u043b\u0430\u0441\u043d\u0438\u043a \u0421\u0410\u0414 28, \u0411\u0435\u043e\u0433\u0440\u0430\u0434 2012, 153-178.<br \/>\nS. Petkovi\u0107, B. Iliji\u0107, Votive Altar of Lucius Petronius Timachus, Starinar LXIII\/2013, 53-72.<br \/>\nS. Petkovi\u0107, N. Miladinovi\u0107-Radmilovi\u0107, Military Graves from the Late Roman Necropolis at Slog in Ravna (Timacum Minus), Starinar LXIV\/2014,87-130.<br \/>\nD. \u017divkovi\u0107, N. \u0160trbac, A. Mitovski, M. Soki\u0107, S. Petkovi\u0107, V. Andri\u0107, J. Lamut, B. An\u0111eli\u0107, B. Iliji\u0107, Lj. Balanovi\u0107, S. Budi\u0107-Bugari\u0107, Preliminary aspects on characterization of metallurgical remains from archaeological site Ravna (Serbia), in: Proceedings, 46th International October Conference on Mining and Metallurgy, 1-4 October 2014, Bor Lake Serbia, Ed. N. \u0160trbac, D. \u017divkovi\u0107 and S. Nestorovi\u0107, Technical faculty in Bor, University of Belgrade and Mining and Metallurgy Institute Bor: Bor 2014, 192-195.<br \/>\n\u0411. \u0418\u043b\u0438\u0458\u0438\u045b, Timacum Minus \u2013 \u0434\u0432\u0430 \u0441\u0432\u0435\u0442\u0430\/Timacum Minus \u2013 Two Worlds, \u0417\u0430\u0432\u0438\u0447\u0430\u0458\u043d\u0438 \u043c\u0443\u0437\u0435\u0458 \u041a\u045a\u0430\u0436\u0435\u0432\u0430\u0446, \u041a\u045a\u0430\u0436\u0435\u0432\u0430\u0446 2015.<br \/>\n\u0421. \u041f\u0435\u0442\u043a\u043e\u0432\u0438\u045b, \u041d. \u041c\u0438\u043b\u0430\u0434\u0438\u043d\u043e\u0432\u0438\u045b-\u0420\u0430\u0434\u043c\u0438\u043b\u043e\u0432\u0438\u045b, \u041d.\u0413\u0430\u0432\u0440\u0438\u043b\u043e\u0432\u0438\u045b-\u0412\u0438\u0442\u0430\u0441, \u0411. \u0418\u043b\u0438\u0458\u0438\u045b, \u041f\u043e\u0433\u0440\u0435\u0431\u043d\u0438 \u0440\u0438\u0442\u0443\u0430\u043b \u0438 \u043a\u0443\u043b\u0442 \u0414\u0438\u043e\u043d\u0438\u0441\u0430 \u0443 \u0420\u0430\u0432\u043d\u0438 (Timacum Minus)\/Funeral Ritual and the Cult of Dionysus in Ravna (Timacum Minus), \u0410\u0440\u0445\u0435\u043e\u043b\u043e\u0448\u043a\u0438 \u0438\u043d\u0441\u0442\u0438\u0442\u0443\u0442, \u043f\u043e\u0441\u0435\u0431\u043d\u0430 \u0438\u0437\u0434\u0430\u045a\u0430, \u043a\u045a\u0438\u0433\u0430 57, \u0417\u0430\u0432\u0438\u0447\u0430\u0458\u043d\u0438 \u043c\u0443\u0437\u0435\u0458 \u041a\u045a\u0430\u0436\u0435\u0432\u0430\u0446, \u0411\u0435\u043e\u0433\u0440\u0430\u0434-\u041a\u045a\u0430\u0436\u0435\u0432\u0430\u0446 2016.<br \/>\nS. Petkovi\u0107, D. Gojkovi\u0107, J. Bulatovi\u0107, Early Medieval Burial of Woman and Foxat the Slog Necropolis in Ravna (Timacum Minus) in Eastern Serbia, Starinar LXX\/2020, 239-256.<br \/>\nN. Miladinovi\u0107-Radmilovi\u0107, S. Petkovi\u0107, Health and Social Status of Children in the Late Roman Timacum Minus, in: Illyricum Romanum. Studiola in honorem Miloje Vasi\u0107, ed. Ivana Popovi\u0107, Sofija Petkovi\u0107, Monographs no. 73, Institute of Archaeology, Belgrade 2020, 240-267.<\/p>\n<\/div>\n<\/div>\n<\/div>\n<\/div>\n<\/div>\n<\/div>\n<p>[\/vc_column_text][\/vc_column][\/vc_row][vc_row css=&#8221;.vc_custom_1529917889058{padding-top: 10px !important;padding-bottom: 25px !important;}&#8221;][vc_column][vc_empty_space][vc_gallery type=&#8221;flexslider_slide&#8221; interval=&#8221;3&#8243; images=&#8221;5548,5542,5524,5551,5554,5527,5530,5533,5536,5539,5545,5557,5560,5563,5566,5521,5518&#8243; img_size=&#8221;large&#8221;][\/vc_column][\/vc_row][vc_row css=&#8221;.vc_custom_1529917889058{padding-top: 10px !important;padding-bottom: 25px !important;}&#8221;][vc_column]<div class=\"eltdf-section-title-holder  eltdf-st-standard eltdf-st-title-left eltdf-st-normal-space \" >\n\t<div class=\"eltdf-st-inner\">\n\t\t\t\t\t<h3 class=\"eltdf-st-title\" >\n\t\t\t\t\u0421\u0430\u0440\u0430\u0434\u043d\u0438\u0446\u0438\t\t\t<\/h3>\n\t\t\t\t\t\t\t<\/div>\n<\/div>[vc_empty_space]<div class=\"eltdf-instructor-slider-holder info-\"><div class=\"eltdf-instructor-list-holder eltdf-grid-list eltdf-disable-bottom-space clearfix eltdf-four-columns eltdf-small-space\" data-number-of-columns=\"3\" data-enable-navigation=\"yes\" data-enable-pagination=\"yes\">\n\t<div class=\"eltdf-tl-inner eltdf-outer-space eltdf-owl-slider eltdf-list-is-slider\" >\n\t\t<div class=\"eltdf-instructor eltdf-item-space info-bellow \">\t<div class=\"eltdf-instructor-inner\">\t\t\t\t\t<div class=\"eltdf-instructor-image\">\t\t\t\t<a itemprop=\"url\" href=\"https:\/\/ai.ac.rs\/en\/instructor\/ma-marija-jovic\/\">\t\t\t\t\t<img loading=\"lazy\" decoding=\"async\" width=\"300\" height=\"300\" src=\"https:\/\/ai.ac.rs\/wp-content\/uploads\/2023\/10\/marija-jovic.jpg\" class=\"attachment-full size-full wp-post-image\" alt=\"\" srcset=\"https:\/\/ai.ac.rs\/wp-content\/uploads\/2023\/10\/marija-jovic.jpg 300w, https:\/\/ai.ac.rs\/wp-content\/uploads\/2023\/10\/marija-jovic-150x150.jpg 150w, https:\/\/ai.ac.rs\/wp-content\/uploads\/2023\/10\/marija-jovic-100x100.jpg 100w\" sizes=\"auto, (max-width: 300px) 100vw, 300px\" \/>\t\t\t\t<\/a>\t\t\t<\/div>\t\t\t\t<div class=\"eltdf-instructor-info\">\t\t\t<div class=\"eltdf-instructor-title-holder\">\t\t\t\t<h4 itemprop=\"name\" class=\"eltdf-instructor-name entry-title\">\t\t\t\t\t<a itemprop=\"url\" href=\"https:\/\/ai.ac.rs\/en\/instructor\/ma-marija-jovic\/\">Marija Jovi\u0107<\/a>\t\t\t\t<\/h4>\t\t\t\t\t\t\t\t\t\t\t\t\t<h6 class=\"eltdf-instructor-position\">Research Associate<\/h6>\t\t\t\t\t\t\t<\/div>\t\t\t\t\t\t\t<div class=\"eltdf-instructor-text\">\t\t\t\t\t<div class=\"eltdf-instructor-text-inner\">\t\t\t\t\t\t<div class=\"eltdf-instructor-description\">\t\t\t\t\t\t\t<p itemprop=\"description\" class=\"eltdf-instructor-excerpt\">[vc_row][vc_column][vc_column_text]Interests and methodology of research &nbsp; Marija Jovi\u0107 specializes in Roman-period archaeology. Through many years of rescue and systematic excavations, she has gained extensive experience in analyzing the formation of Roman military fortifications and Late Antique necropolises in southern and southeastern Serbia, as well as in the study of Roman archaeological material, particularly ceramics and coins. [&hellip;]<\/p>\t\t\t\t\t\t<\/div>\t\t\t\t\t<\/div>\t\t\t\t<\/div>\t\t\t\t\t\t<div class=\"eltdf-instructor-social-holder-between\">\t\t\t\t<div class=\"eltdf-instructor-social\">\t\t\t\t\t<div class=\"eltdf-instructor-social-inner\">\t\t\t\t\t\t<div class=\"eltdf-instructor-social-wrapp\">\t\t\t\t\t\t\t\t\t\t\t\t\t<\/div>\t\t\t\t\t<\/div>\t\t\t\t<\/div>\t\t\t<\/div>\t\t<\/div>\t<\/div><\/div><div class=\"eltdf-instructor eltdf-item-space info-bellow \">\t<div class=\"eltdf-instructor-inner\">\t\t\t\t\t<div class=\"eltdf-instructor-image\">\t\t\t\t<a itemprop=\"url\" href=\"https:\/\/ai.ac.rs\/en\/instructor\/dr-igor-bjelic\/\">\t\t\t\t\t<img loading=\"lazy\" decoding=\"async\" width=\"300\" height=\"300\" src=\"https:\/\/ai.ac.rs\/wp-content\/uploads\/2023\/10\/igorbjelic.jpg\" class=\"attachment-full size-full wp-post-image\" alt=\"\" srcset=\"https:\/\/ai.ac.rs\/wp-content\/uploads\/2023\/10\/igorbjelic.jpg 300w, https:\/\/ai.ac.rs\/wp-content\/uploads\/2023\/10\/igorbjelic-150x150.jpg 150w, https:\/\/ai.ac.rs\/wp-content\/uploads\/2023\/10\/igorbjelic-100x100.jpg 100w\" sizes=\"auto, (max-width: 300px) 100vw, 300px\" \/>\t\t\t\t<\/a>\t\t\t<\/div>\t\t\t\t<div class=\"eltdf-instructor-info\">\t\t\t<div class=\"eltdf-instructor-title-holder\">\t\t\t\t<h4 itemprop=\"name\" class=\"eltdf-instructor-name entry-title\">\t\t\t\t\t<a itemprop=\"url\" href=\"https:\/\/ai.ac.rs\/en\/instructor\/dr-igor-bjelic\/\">Dr Igor Bjeli\u0107<\/a>\t\t\t\t<\/h4>\t\t\t\t\t\t\t\t\t\t\t\t\t<h6 class=\"eltdf-instructor-position\">Research Associate<\/h6>\t\t\t\t\t\t\t<\/div>\t\t\t\t\t\t\t<div class=\"eltdf-instructor-text\">\t\t\t\t\t<div class=\"eltdf-instructor-text-inner\">\t\t\t\t\t\t<div class=\"eltdf-instructor-description\">\t\t\t\t\t\t\t<p itemprop=\"description\" class=\"eltdf-instructor-excerpt\">[vc_row][vc_column][vc_column_text]Interests and methodology of research &nbsp; Dr Igor Bjeli\u0107 is mostly dedicated to the research of influence transmission in antique architecture from Byzantine architecture to local architecture on the territory of Serbia. Dr Bjeli\u0107 is also involved in the analysis of materials, arch construction, heating construction, waterworks, fortifications, urban structures, Roman and Medieval towns, architectural decoration, [&hellip;]<\/p>\t\t\t\t\t\t<\/div>\t\t\t\t\t<\/div>\t\t\t\t<\/div>\t\t\t\t\t\t<div class=\"eltdf-instructor-social-holder-between\">\t\t\t\t<div class=\"eltdf-instructor-social\">\t\t\t\t\t<div class=\"eltdf-instructor-social-inner\">\t\t\t\t\t\t<div class=\"eltdf-instructor-social-wrapp\">\t\t\t\t\t\t\t\t\t\t\t\t\t<\/div>\t\t\t\t\t<\/div>\t\t\t\t<\/div>\t\t\t<\/div>\t\t<\/div>\t<\/div><\/div>\t<\/div>\n<\/div><\/div>[\/vc_column][\/vc_row]<\/p>\n<\/section>","protected":false},"excerpt":{"rendered":"<p>The Roman fortification of Timacum Minus was the administrative centre of the Roman mining area, and is dated from the mid-1st to the mid-5th century AD. The site is located on the left bank of the Beli Timok river, about 400 m east of the village of Ravna, which is 10 km northwest of Knja\u017eevac, in eastern Serbia. The remains of a civilian settlement were identified by archaeological prospection and small-scale trial trenching in the area north and south of the fort. Northeast of the fort, Roman baths were explored, while in the southwest a large building with a hypocaust heating system was partially excavated. Based on the finds of alters and the remains of a stone sculpture it is assumed that the shrines of Jupiter Dolichenus, Diana, Mars and Mithras existed in the civilian settlement. Archaeological prospection at the site of Timacum Minus determined the location of the Roman and mediaeval necropolis.\u00a0<\/p>\n","protected":false},"author":3,"featured_media":4579,"comment_status":"closed","ping_status":"open","sticky":false,"template":"","format":"standard","meta":{"_bbp_topic_count":0,"_bbp_reply_count":0,"_bbp_total_topic_count":0,"_bbp_total_reply_count":0,"_bbp_voice_count":0,"_bbp_anonymous_reply_count":0,"_bbp_topic_count_hidden":0,"_bbp_reply_count_hidden":0,"_bbp_forum_subforum_count":0,"inline_featured_image":false,"footnotes":""},"categories":[187],"tags":[],"class_list":["post-7635","post","type-post","status-publish","format-standard","has-post-thumbnail","hentry","category-antiquity"],"yoast_head":"<!-- This site is optimized with the Yoast SEO plugin v22.0 - https:\/\/yoast.com\/wordpress\/plugins\/seo\/ -->\n<title>TIMACUM MINUS \u2013 RAVNA NEAR KNJA\u017dEVAC - Institute of Archaeology<\/title>\n<meta name=\"robots\" content=\"index, follow, max-snippet:-1, max-image-preview:large, max-video-preview:-1\" \/>\n<link rel=\"canonical\" href=\"https:\/\/ai.ac.rs\/en\/timacum-minus-ravna-near-knjazevac\/\" \/>\n<meta property=\"og:locale\" content=\"en_US\" \/>\n<meta property=\"og:type\" content=\"article\" \/>\n<meta property=\"og:title\" content=\"TIMACUM MINUS \u2013 RAVNA NEAR KNJA\u017dEVAC - Institute of Archaeology\" \/>\n<meta property=\"og:description\" content=\"The Roman fortification of Timacum Minus was the administrative centre of the Roman mining area, and is dated from the mid-1st to the mid-5th century AD. The site is located on the left bank of the Beli Timok river, about 400 m east of the village of Ravna, which is 10 km northwest of Knja\u017eevac, in eastern Serbia. The remains of a civilian settlement were identified by archaeological prospection and small-scale trial trenching in the area north and south of the fort. Northeast of the fort, Roman baths were explored, while in the southwest a large building with a hypocaust heating system was partially excavated. Based on the finds of alters and the remains of a stone sculpture it is assumed that the shrines of Jupiter Dolichenus, Diana, Mars and Mithras existed in the civilian settlement. Archaeological prospection at the site of Timacum Minus determined the location of the Roman and mediaeval necropolis.\u00a0\" \/>\n<meta property=\"og:url\" content=\"https:\/\/ai.ac.rs\/en\/timacum-minus-ravna-near-knjazevac\/\" \/>\n<meta property=\"og:site_name\" content=\"Institute of Archaeology\" \/>\n<meta property=\"article:publisher\" content=\"https:\/\/www.facebook.com\/profile.php?id=100063480880081&amp;sk\" \/>\n<meta property=\"article:published_time\" content=\"2023-09-18T21:15:43+00:00\" \/>\n<meta property=\"article:modified_time\" content=\"2026-03-01T21:58:31+00:00\" \/>\n<meta property=\"og:image\" content=\"https:\/\/ai.ac.rs\/wp-content\/uploads\/2023\/09\/timacum-thumb.jpg\" \/>\n\t<meta property=\"og:image:width\" content=\"500\" \/>\n\t<meta property=\"og:image:height\" content=\"500\" \/>\n\t<meta property=\"og:image:type\" content=\"image\/jpeg\" \/>\n<meta name=\"author\" content=\"urednik\" \/>\n<meta name=\"twitter:card\" content=\"summary_large_image\" \/>\n<meta name=\"twitter:creator\" content=\"@arheoinst\" \/>\n<meta name=\"twitter:site\" content=\"@arheoinst\" \/>\n<meta name=\"twitter:label1\" content=\"Written by\" \/>\n\t<meta name=\"twitter:data1\" content=\"urednik\" \/>\n\t<meta name=\"twitter:label2\" content=\"Est. reading time\" \/>\n\t<meta name=\"twitter:data2\" content=\"10 minutes\" \/>\n<script type=\"application\/ld+json\" class=\"yoast-schema-graph\">{\"@context\":\"https:\/\/schema.org\",\"@graph\":[{\"@type\":\"Article\",\"@id\":\"https:\/\/ai.ac.rs\/en\/timacum-minus-ravna-near-knjazevac\/#article\",\"isPartOf\":{\"@id\":\"https:\/\/ai.ac.rs\/en\/timacum-minus-ravna-near-knjazevac\/\"},\"author\":{\"name\":\"urednik\",\"@id\":\"https:\/\/ai.ac.rs\/#\/schema\/person\/386f94fe666e3d4e71c9e002f26bc205\"},\"headline\":\"TIMACUM MINUS \u2013 RAVNA NEAR KNJA\u017dEVAC\",\"datePublished\":\"2023-09-18T21:15:43+00:00\",\"dateModified\":\"2026-03-01T21:58:31+00:00\",\"mainEntityOfPage\":{\"@id\":\"https:\/\/ai.ac.rs\/en\/timacum-minus-ravna-near-knjazevac\/\"},\"wordCount\":1943,\"publisher\":{\"@id\":\"https:\/\/ai.ac.rs\/#organization\"},\"articleSection\":[\"Antiquity\"],\"inLanguage\":\"en-US\"},{\"@type\":\"WebPage\",\"@id\":\"https:\/\/ai.ac.rs\/en\/timacum-minus-ravna-near-knjazevac\/\",\"url\":\"https:\/\/ai.ac.rs\/en\/timacum-minus-ravna-near-knjazevac\/\",\"name\":\"TIMACUM MINUS \u2013 RAVNA NEAR KNJA\u017dEVAC - Institute of Archaeology\",\"isPartOf\":{\"@id\":\"https:\/\/ai.ac.rs\/#website\"},\"datePublished\":\"2023-09-18T21:15:43+00:00\",\"dateModified\":\"2026-03-01T21:58:31+00:00\",\"breadcrumb\":{\"@id\":\"https:\/\/ai.ac.rs\/en\/timacum-minus-ravna-near-knjazevac\/#breadcrumb\"},\"inLanguage\":\"en-US\",\"potentialAction\":[{\"@type\":\"ReadAction\",\"target\":[\"https:\/\/ai.ac.rs\/en\/timacum-minus-ravna-near-knjazevac\/\"]}]},{\"@type\":\"BreadcrumbList\",\"@id\":\"https:\/\/ai.ac.rs\/en\/timacum-minus-ravna-near-knjazevac\/#breadcrumb\",\"itemListElement\":[{\"@type\":\"ListItem\",\"position\":1,\"name\":\"\u041f\u043e\u0447\u0435\u0442\u043d\u0430\",\"item\":\"https:\/\/ai.ac.rs\/en\/\"},{\"@type\":\"ListItem\",\"position\":2,\"name\":\"TIMACUM MINUS \u2013 RAVNA NEAR KNJA\u017dEVAC\"}]},{\"@type\":\"WebSite\",\"@id\":\"https:\/\/ai.ac.rs\/#website\",\"url\":\"https:\/\/ai.ac.rs\/\",\"name\":\"A\u0440\u0445\u0435\u043e\u043b\u043e\u0448\u043a\u0438 \u0438\u043d\u0441\u0442\u0438\u0442\u0443\u0442\",\"description\":\"Srbija\",\"publisher\":{\"@id\":\"https:\/\/ai.ac.rs\/#organization\"},\"potentialAction\":[{\"@type\":\"SearchAction\",\"target\":{\"@type\":\"EntryPoint\",\"urlTemplate\":\"https:\/\/ai.ac.rs\/?s={search_term_string}\"},\"query-input\":\"required name=search_term_string\"}],\"inLanguage\":\"en-US\"},{\"@type\":\"Organization\",\"@id\":\"https:\/\/ai.ac.rs\/#organization\",\"name\":\"A\u0440\u0445\u0435\u043e\u043b\u043e\u0448\u043a\u0438 \u0438\u043d\u0441\u0442\u0438\u0442\u0443\u0442\",\"url\":\"https:\/\/ai.ac.rs\/\",\"logo\":{\"@type\":\"ImageObject\",\"inLanguage\":\"en-US\",\"@id\":\"https:\/\/ai.ac.rs\/#\/schema\/logo\/image\/\",\"url\":\"https:\/\/ai.ac.rs\/wp-content\/uploads\/2023\/07\/f-logop.png\",\"contentUrl\":\"https:\/\/ai.ac.rs\/wp-content\/uploads\/2023\/07\/f-logop.png\",\"width\":300,\"height\":238,\"caption\":\"A\u0440\u0445\u0435\u043e\u043b\u043e\u0448\u043a\u0438 \u0438\u043d\u0441\u0442\u0438\u0442\u0443\u0442\"},\"image\":{\"@id\":\"https:\/\/ai.ac.rs\/#\/schema\/logo\/image\/\"},\"sameAs\":[\"https:\/\/www.facebook.com\/profile.php?id=100063480880081&sk\",\"https:\/\/twitter.com\/arheoinst\",\"https:\/\/www.instagram.com\/arheoloski.institut.rs\/\"]},{\"@type\":\"Person\",\"@id\":\"https:\/\/ai.ac.rs\/#\/schema\/person\/386f94fe666e3d4e71c9e002f26bc205\",\"name\":\"urednik\",\"image\":{\"@type\":\"ImageObject\",\"inLanguage\":\"en-US\",\"@id\":\"https:\/\/ai.ac.rs\/#\/schema\/person\/image\/\",\"url\":\"https:\/\/secure.gravatar.com\/avatar\/62865591ff91df9391f6c64656f59a48ead5d7a5187e14295fd642a19a97dd8a?s=96&d=mm&r=g\",\"contentUrl\":\"https:\/\/secure.gravatar.com\/avatar\/62865591ff91df9391f6c64656f59a48ead5d7a5187e14295fd642a19a97dd8a?s=96&d=mm&r=g\",\"caption\":\"urednik\"},\"url\":\"https:\/\/ai.ac.rs\/en\/author\/urednik\/\"}]}<\/script>\n<!-- \/ Yoast SEO plugin. -->","yoast_head_json":{"title":"TIMACUM MINUS \u2013 RAVNA NEAR KNJA\u017dEVAC - Institute of Archaeology","robots":{"index":"index","follow":"follow","max-snippet":"max-snippet:-1","max-image-preview":"max-image-preview:large","max-video-preview":"max-video-preview:-1"},"canonical":"https:\/\/ai.ac.rs\/en\/timacum-minus-ravna-near-knjazevac\/","og_locale":"en_US","og_type":"article","og_title":"TIMACUM MINUS \u2013 RAVNA NEAR KNJA\u017dEVAC - Institute of Archaeology","og_description":"The Roman fortification of Timacum Minus was the administrative centre of the Roman mining area, and is dated from the mid-1st to the mid-5th century AD. The site is located on the left bank of the Beli Timok river, about 400 m east of the village of Ravna, which is 10 km northwest of Knja\u017eevac, in eastern Serbia. The remains of a civilian settlement were identified by archaeological prospection and small-scale trial trenching in the area north and south of the fort. Northeast of the fort, Roman baths were explored, while in the southwest a large building with a hypocaust heating system was partially excavated. Based on the finds of alters and the remains of a stone sculpture it is assumed that the shrines of Jupiter Dolichenus, Diana, Mars and Mithras existed in the civilian settlement. Archaeological prospection at the site of Timacum Minus determined the location of the Roman and mediaeval necropolis.\u00a0","og_url":"https:\/\/ai.ac.rs\/en\/timacum-minus-ravna-near-knjazevac\/","og_site_name":"Institute of Archaeology","article_publisher":"https:\/\/www.facebook.com\/profile.php?id=100063480880081&sk","article_published_time":"2023-09-18T21:15:43+00:00","article_modified_time":"2026-03-01T21:58:31+00:00","og_image":[{"width":500,"height":500,"url":"https:\/\/ai.ac.rs\/wp-content\/uploads\/2023\/09\/timacum-thumb.jpg","type":"image\/jpeg"}],"author":"urednik","twitter_card":"summary_large_image","twitter_creator":"@arheoinst","twitter_site":"@arheoinst","twitter_misc":{"Written by":"urednik","Est. reading time":"10 minutes"},"schema":{"@context":"https:\/\/schema.org","@graph":[{"@type":"Article","@id":"https:\/\/ai.ac.rs\/en\/timacum-minus-ravna-near-knjazevac\/#article","isPartOf":{"@id":"https:\/\/ai.ac.rs\/en\/timacum-minus-ravna-near-knjazevac\/"},"author":{"name":"urednik","@id":"https:\/\/ai.ac.rs\/#\/schema\/person\/386f94fe666e3d4e71c9e002f26bc205"},"headline":"TIMACUM MINUS \u2013 RAVNA NEAR KNJA\u017dEVAC","datePublished":"2023-09-18T21:15:43+00:00","dateModified":"2026-03-01T21:58:31+00:00","mainEntityOfPage":{"@id":"https:\/\/ai.ac.rs\/en\/timacum-minus-ravna-near-knjazevac\/"},"wordCount":1943,"publisher":{"@id":"https:\/\/ai.ac.rs\/#organization"},"articleSection":["Antiquity"],"inLanguage":"en-US"},{"@type":"WebPage","@id":"https:\/\/ai.ac.rs\/en\/timacum-minus-ravna-near-knjazevac\/","url":"https:\/\/ai.ac.rs\/en\/timacum-minus-ravna-near-knjazevac\/","name":"TIMACUM MINUS \u2013 RAVNA NEAR KNJA\u017dEVAC - Institute of Archaeology","isPartOf":{"@id":"https:\/\/ai.ac.rs\/#website"},"datePublished":"2023-09-18T21:15:43+00:00","dateModified":"2026-03-01T21:58:31+00:00","breadcrumb":{"@id":"https:\/\/ai.ac.rs\/en\/timacum-minus-ravna-near-knjazevac\/#breadcrumb"},"inLanguage":"en-US","potentialAction":[{"@type":"ReadAction","target":["https:\/\/ai.ac.rs\/en\/timacum-minus-ravna-near-knjazevac\/"]}]},{"@type":"BreadcrumbList","@id":"https:\/\/ai.ac.rs\/en\/timacum-minus-ravna-near-knjazevac\/#breadcrumb","itemListElement":[{"@type":"ListItem","position":1,"name":"\u041f\u043e\u0447\u0435\u0442\u043d\u0430","item":"https:\/\/ai.ac.rs\/en\/"},{"@type":"ListItem","position":2,"name":"TIMACUM MINUS \u2013 RAVNA NEAR KNJA\u017dEVAC"}]},{"@type":"WebSite","@id":"https:\/\/ai.ac.rs\/#website","url":"https:\/\/ai.ac.rs\/","name":"A\u0440\u0445\u0435\u043e\u043b\u043e\u0448\u043a\u0438 \u0438\u043d\u0441\u0442\u0438\u0442\u0443\u0442","description":"Srbija","publisher":{"@id":"https:\/\/ai.ac.rs\/#organization"},"potentialAction":[{"@type":"SearchAction","target":{"@type":"EntryPoint","urlTemplate":"https:\/\/ai.ac.rs\/?s={search_term_string}"},"query-input":"required name=search_term_string"}],"inLanguage":"en-US"},{"@type":"Organization","@id":"https:\/\/ai.ac.rs\/#organization","name":"A\u0440\u0445\u0435\u043e\u043b\u043e\u0448\u043a\u0438 \u0438\u043d\u0441\u0442\u0438\u0442\u0443\u0442","url":"https:\/\/ai.ac.rs\/","logo":{"@type":"ImageObject","inLanguage":"en-US","@id":"https:\/\/ai.ac.rs\/#\/schema\/logo\/image\/","url":"https:\/\/ai.ac.rs\/wp-content\/uploads\/2023\/07\/f-logop.png","contentUrl":"https:\/\/ai.ac.rs\/wp-content\/uploads\/2023\/07\/f-logop.png","width":300,"height":238,"caption":"A\u0440\u0445\u0435\u043e\u043b\u043e\u0448\u043a\u0438 \u0438\u043d\u0441\u0442\u0438\u0442\u0443\u0442"},"image":{"@id":"https:\/\/ai.ac.rs\/#\/schema\/logo\/image\/"},"sameAs":["https:\/\/www.facebook.com\/profile.php?id=100063480880081&sk","https:\/\/twitter.com\/arheoinst","https:\/\/www.instagram.com\/arheoloski.institut.rs\/"]},{"@type":"Person","@id":"https:\/\/ai.ac.rs\/#\/schema\/person\/386f94fe666e3d4e71c9e002f26bc205","name":"urednik","image":{"@type":"ImageObject","inLanguage":"en-US","@id":"https:\/\/ai.ac.rs\/#\/schema\/person\/image\/","url":"https:\/\/secure.gravatar.com\/avatar\/62865591ff91df9391f6c64656f59a48ead5d7a5187e14295fd642a19a97dd8a?s=96&d=mm&r=g","contentUrl":"https:\/\/secure.gravatar.com\/avatar\/62865591ff91df9391f6c64656f59a48ead5d7a5187e14295fd642a19a97dd8a?s=96&d=mm&r=g","caption":"urednik"},"url":"https:\/\/ai.ac.rs\/en\/author\/urednik\/"}]}},"_links":{"self":[{"href":"https:\/\/ai.ac.rs\/en\/wp-json\/wp\/v2\/posts\/7635","targetHints":{"allow":["GET"]}}],"collection":[{"href":"https:\/\/ai.ac.rs\/en\/wp-json\/wp\/v2\/posts"}],"about":[{"href":"https:\/\/ai.ac.rs\/en\/wp-json\/wp\/v2\/types\/post"}],"author":[{"embeddable":true,"href":"https:\/\/ai.ac.rs\/en\/wp-json\/wp\/v2\/users\/3"}],"replies":[{"embeddable":true,"href":"https:\/\/ai.ac.rs\/en\/wp-json\/wp\/v2\/comments?post=7635"}],"version-history":[{"count":8,"href":"https:\/\/ai.ac.rs\/en\/wp-json\/wp\/v2\/posts\/7635\/revisions"}],"predecessor-version":[{"id":10686,"href":"https:\/\/ai.ac.rs\/en\/wp-json\/wp\/v2\/posts\/7635\/revisions\/10686"}],"wp:featuredmedia":[{"embeddable":true,"href":"https:\/\/ai.ac.rs\/en\/wp-json\/wp\/v2\/media\/4579"}],"wp:attachment":[{"href":"https:\/\/ai.ac.rs\/en\/wp-json\/wp\/v2\/media?parent=7635"}],"wp:term":[{"taxonomy":"category","embeddable":true,"href":"https:\/\/ai.ac.rs\/en\/wp-json\/wp\/v2\/categories?post=7635"},{"taxonomy":"post_tag","embeddable":true,"href":"https:\/\/ai.ac.rs\/en\/wp-json\/wp\/v2\/tags?post=7635"}],"curies":[{"name":"wp","href":"https:\/\/api.w.org\/{rel}","templated":true}]}}