{"id":7553,"date":"2023-09-23T23:07:16","date_gmt":"2023-09-23T22:07:16","guid":{"rendered":"https:\/\/ai.ac.rs\/trame-tracce-di-memoria-tragovi-pamcenja\/"},"modified":"2024-05-28T14:15:11","modified_gmt":"2024-05-28T13:15:11","slug":"trame-tracce-di-memoria-tragovi-pamcenja","status":"publish","type":"post","link":"https:\/\/ai.ac.rs\/en\/trame-tracce-di-memoria-tragovi-pamcenja\/","title":{"rendered":"TRAME \u2013 TRACCE DI MEMORIA"},"content":{"rendered":"<section class=\"wpb-content-wrapper\"><p>[vc_row][vc_column width=&#8221;1\/3&#8243;][vc_single_image image=&#8221;5205&#8243; img_size=&#8221;full&#8221;][\/vc_column][vc_column width=&#8221;2\/3&#8243;][vc_column_text css=&#8221;.vc_custom_1709543389109{padding-top: 20px !important;padding-right: 40px !important;padding-bottom: 30px !important;padding-left: 40px !important;background-color: #f9f9f9 !important;}&#8221;]<b>Participants from the IoA:<\/b><\/p>\n<p><span style=\"font-weight: 400;\">Project managers \/ researcher: Dr Jelena An\u0111elkovi\u0107 Gra\u0161ar<br \/>\n<\/span><span style=\"font-weight: 400;\">Assistant to the project manager\/researcher: Dr Emilija Nikoli\u0107<br \/>\n<\/span><span style=\"font-weight: 400;\">Researcher: Dr Milica Tapavi\u010dki Ili\u0107<br \/>\n<\/span><span style=\"font-weight: 400;\">Financial manager: Gordana Marinkovi\u0107<\/span><\/p>\n<p><b>Institutions involved in the project:<\/b><\/p>\n<p><span style=\"font-weight: 400;\">Institute of Archaeology, Belgrade (SRB)<br \/>\n<\/span><span style=\"font-weight: 400;\">The Parco Archeologico del Colosseo (IT)<br \/>\n<\/span><span style=\"font-weight: 400;\">Liceo Classico \u2018Pilo Albertelli\u201d (IT)<br \/>\n<\/span><span style=\"font-weight: 400;\">Belgrade School of Design (SRB)<br \/>\n<\/span><span style=\"font-weight: 400;\">K\u00d6ME \u2013 Kultur\u00e1lis \u00d6r\u00f6ks\u00e9g Menedzserek Egyes\u00fclete \/ Association of Cultural Heritage Managers (HU)<br \/>\n<\/span><span style=\"font-weight: 400;\">P\u00e9csi Hajn\u00f3czy J\u00f3zsef Koll\u00e9gium (HU)<br \/>\n<\/span><span style=\"font-weight: 400;\">\u00c7atalca District Directorate of National Education (TUR)<br \/>\n<\/span><span style=\"font-weight: 400;\">Faculty of Archaeology, University of Warsaw (PO)<\/span>[\/vc_column_text][\/vc_column][\/vc_row][vc_row][vc_column][vc_column_text]<\/p>\n<h3><strong>TRAME &#8211; TRACCE DI MEMORIA\u00a0<\/strong><\/h3>\n<h3><strong>The project aims to promote the educational value of cultural heritage, which today is recognized as an important method in education at the social, scientific and institutional level.<\/strong><\/h3>\n<p>[\/vc_column_text][vc_column_text]<span style=\"font-weight: 400;\">The essence of this project is the dynamic relationship between the roles of identity and diversity, as well as cultures that have changed due to the acceptance of elements from other cultures. This project will allow high school students to discover and understand the value of cultural differences through the heritage left by peoples who once lived in the same area. It will also enable them to realize the importance of cultural &#8220;contamination&#8221; as a way to enrich and shape local and territorial identity.<\/span><\/p>\n<p><span style=\"font-weight: 400;\">The specific objectives of the project are:<\/span><\/p>\n<ul>\n<li><span style=\"font-weight: 400;\">Promotion of the social and educational value of cultural heritage and its contribution to inclusion in society and building the European community. The basis for this promotion is cultural differences resulting from old customs and migrations throughout history.<\/span><\/li>\n<li><span style=\"font-weight: 400;\">Conception and development of an innovative educational methodology intended for high school students, with the aim of promoting the active participation of students in finding ways to discover and interpret the cultural heritage that follows the thread of migrations throughout history.<\/span><\/li>\n<li><span style=\"font-weight: 400;\">Promoting the development of expertise and skills among students, especially an innovative spirit and communication in foreign languages, coping in society and the art of community life, awareness and cultural expression.<\/span><\/li>\n<li><span style=\"font-weight: 400;\">Strengthening the relationship between managers of archaeological sites and local communities.<\/span><\/li>\n<\/ul>\n<p><span style=\"font-weight: 400;\">The main result of the &#8220;TRAME&#8221; project is the &#8220;TRAME manual&#8221; for teachers and educators, which contains a description of the educational methods intended for secondary school students, designed by the project partners (the manual is in the final stage of preparation, ready for printing). Pilot courses, through which educational methods will be tested and evaluated, will be conducted by employees of partner organizations in Italy, Hungary, Serbia, Poland and Turkey. The international mobility of pupils was carried out from 18<\/span><span style=\"font-weight: 400;\">th<\/span><span style=\"font-weight: 400;\"> to 24<\/span><span style=\"font-weight: 400;\">th<\/span><span style=\"font-weight: 400;\"> March, in the Viminacium Archaeological Park, and was organized by the Institute of Archaeology.<\/span><\/p>\n<p><span style=\"font-weight: 400;\">Interpretation of cultural heritage and formal education: &#8220;Trame&#8221; Erasmus+ project as an example of good practice, paper was presented at the 44<\/span><span style=\"font-weight: 400;\">th<\/span><span style=\"font-weight: 400;\"> meeting of the Serbian Archaeological Society, Para\u0107in, October 14<\/span><span style=\"font-weight: 400;\">th<\/span><span style=\"font-weight: 400;\"> \u2013 16<\/span><span style=\"font-weight: 400;\">th<\/span><span style=\"font-weight: 400;\">, 2021.<\/span>[\/vc_column_text][vc_empty_space][\/vc_column][\/vc_row][vc_row css=&#8221;.vc_custom_1529917889058{padding-top: 10px !important;padding-bottom: 25px !important;}&#8221;][vc_column][vc_empty_space][vc_gallery type=&#8221;flexslider_slide&#8221; interval=&#8221;3&#8243; images=&#8221;5220,5217,5214,5211,5208&#8243; img_size=&#8221;1000&#215;667&#8243;][\/vc_column][\/vc_row][vc_row css=&#8221;.vc_custom_1529917889058{padding-top: 10px !important;padding-bottom: 25px !important;}&#8221;][vc_column]<div class=\"eltdf-section-title-holder  eltdf-st-standard eltdf-st-title-left eltdf-st-normal-space \" >\n\t<div class=\"eltdf-st-inner\">\n\t\t\t\t\t<h3 class=\"eltdf-st-title\" >\n\t\t\t\t\u0421\u0430\u0440\u0430\u0434\u043d\u0438\u0446\u0438\t\t\t<\/h3>\n\t\t\t\t\t\t\t<\/div>\n<\/div>[vc_empty_space]<div class=\"eltdf-instructor-slider-holder info-\"><div class=\"eltdf-instructor-list-holder eltdf-grid-list eltdf-disable-bottom-space clearfix eltdf-four-columns eltdf-small-space\" data-number-of-columns=\"3\" data-enable-navigation=\"yes\" data-enable-pagination=\"yes\">\n\t<div class=\"eltdf-tl-inner eltdf-outer-space eltdf-owl-slider eltdf-list-is-slider\" >\n\t\t<div class=\"eltdf-instructor eltdf-item-space info-bellow \">\t<div class=\"eltdf-instructor-inner\">\t\t\t\t\t<div class=\"eltdf-instructor-image\">\t\t\t\t<a itemprop=\"url\" href=\"https:\/\/ai.ac.rs\/en\/instructor\/dr-jelena-andjelkovic-grasar\/\">\t\t\t\t\t<img loading=\"lazy\" decoding=\"async\" width=\"300\" height=\"300\" src=\"https:\/\/ai.ac.rs\/wp-content\/uploads\/2023\/10\/jelena-andjelkovic-grasar.jpg\" class=\"attachment-full size-full wp-post-image\" alt=\"\" srcset=\"https:\/\/ai.ac.rs\/wp-content\/uploads\/2023\/10\/jelena-andjelkovic-grasar.jpg 300w, https:\/\/ai.ac.rs\/wp-content\/uploads\/2023\/10\/jelena-andjelkovic-grasar-150x150.jpg 150w, https:\/\/ai.ac.rs\/wp-content\/uploads\/2023\/10\/jelena-andjelkovic-grasar-100x100.jpg 100w\" sizes=\"auto, (max-width: 300px) 100vw, 300px\" \/>\t\t\t\t<\/a>\t\t\t<\/div>\t\t\t\t<div class=\"eltdf-instructor-info\">\t\t\t<div class=\"eltdf-instructor-title-holder\">\t\t\t\t<h4 itemprop=\"name\" class=\"eltdf-instructor-name entry-title\">\t\t\t\t\t<a itemprop=\"url\" href=\"https:\/\/ai.ac.rs\/en\/instructor\/dr-jelena-andjelkovic-grasar\/\">Dr Jelena An\u0111elkovi\u0107 Gra\u0161ar<\/a>\t\t\t\t<\/h4>\t\t\t\t\t\t\t\t\t\t\t\t\t<h6 class=\"eltdf-instructor-position\">Senior Research Associate<\/h6>\t\t\t\t\t\t\t<\/div>\t\t\t\t\t\t\t<div class=\"eltdf-instructor-text\">\t\t\t\t\t<div class=\"eltdf-instructor-text-inner\">\t\t\t\t\t\t<div class=\"eltdf-instructor-description\">\t\t\t\t\t\t\t<p itemprop=\"description\" class=\"eltdf-instructor-excerpt\">[vc_row][vc_column][vc_column_text]Interests and methodology of research &nbsp; Dr Jelena An\u0111elkovi\u0107 Gra\u0161ar is dedicated to the research of visual culture in the period during and after the Roman domination of the territory of the Danubian provinces and the Central Balkans. Dr An\u0111elkovi\u0107 Gra\u0161ar\u2019s research is focused on the visual testimonies and material remains related to the themes of [&hellip;]<\/p>\t\t\t\t\t\t<\/div>\t\t\t\t\t<\/div>\t\t\t\t<\/div>\t\t\t\t\t\t<div class=\"eltdf-instructor-social-holder-between\">\t\t\t\t<div class=\"eltdf-instructor-social\">\t\t\t\t\t<div class=\"eltdf-instructor-social-inner\">\t\t\t\t\t\t<div class=\"eltdf-instructor-social-wrapp\">\t\t\t\t\t\t\t\t\t\t\t\t\t<\/div>\t\t\t\t\t<\/div>\t\t\t\t<\/div>\t\t\t<\/div>\t\t<\/div>\t<\/div><\/div><div class=\"eltdf-instructor eltdf-item-space info-bellow \">\t<div class=\"eltdf-instructor-inner\">\t\t\t\t\t<div class=\"eltdf-instructor-image\">\t\t\t\t<a itemprop=\"url\" href=\"https:\/\/ai.ac.rs\/en\/instructor\/dr-milica-tapavicki-ilic\/\">\t\t\t\t\t<img loading=\"lazy\" decoding=\"async\" width=\"300\" height=\"300\" src=\"https:\/\/ai.ac.rs\/wp-content\/uploads\/2023\/10\/milicatapavicki.jpg\" class=\"attachment-full size-full wp-post-image\" alt=\"\" srcset=\"https:\/\/ai.ac.rs\/wp-content\/uploads\/2023\/10\/milicatapavicki.jpg 300w, https:\/\/ai.ac.rs\/wp-content\/uploads\/2023\/10\/milicatapavicki-150x150.jpg 150w, https:\/\/ai.ac.rs\/wp-content\/uploads\/2023\/10\/milicatapavicki-100x100.jpg 100w\" sizes=\"auto, (max-width: 300px) 100vw, 300px\" \/>\t\t\t\t<\/a>\t\t\t<\/div>\t\t\t\t<div class=\"eltdf-instructor-info\">\t\t\t<div class=\"eltdf-instructor-title-holder\">\t\t\t\t<h4 itemprop=\"name\" class=\"eltdf-instructor-name entry-title\">\t\t\t\t\t<a itemprop=\"url\" href=\"https:\/\/ai.ac.rs\/en\/instructor\/dr-milica-tapavicki-ilic\/\">Dr Milica Tapavi\u010dki Ili\u0107<\/a>\t\t\t\t<\/h4>\t\t\t\t\t\t\t\t\t\t\t\t\t<h6 class=\"eltdf-instructor-position\">Principal Research Fellow<\/h6>\t\t\t\t\t\t\t<\/div>\t\t\t\t\t\t\t<div class=\"eltdf-instructor-text\">\t\t\t\t\t<div class=\"eltdf-instructor-text-inner\">\t\t\t\t\t\t<div class=\"eltdf-instructor-description\">\t\t\t\t\t\t\t<p itemprop=\"description\" class=\"eltdf-instructor-excerpt\">[vc_row][vc_column][vc_column_text]Interests and methodology of research &nbsp; Dr Milica Tapavi\u010dki Ili\u0107\u2019s research has, from 1995, encompassed questions of the Romanisation of Celtic Scordisci in the Central Balkans. Dr Tapavi\u010dki Ili\u0107 focuses on different aspects of, primarily, material culture, such as the remains of settlements and necropolises, and on objects for everyday use. Dr Tapavi\u010dki Ili\u0107 has also [&hellip;]<\/p>\t\t\t\t\t\t<\/div>\t\t\t\t\t<\/div>\t\t\t\t<\/div>\t\t\t\t\t\t<div class=\"eltdf-instructor-social-holder-between\">\t\t\t\t<div class=\"eltdf-instructor-social\">\t\t\t\t\t<div class=\"eltdf-instructor-social-inner\">\t\t\t\t\t\t<div class=\"eltdf-instructor-social-wrapp\">\t\t\t\t\t\t\t\t\t\t\t\t\t<\/div>\t\t\t\t\t<\/div>\t\t\t\t<\/div>\t\t\t<\/div>\t\t<\/div>\t<\/div><\/div><div class=\"eltdf-instructor eltdf-item-space info-bellow \">\t<div class=\"eltdf-instructor-inner\">\t\t\t\t\t<div class=\"eltdf-instructor-image\">\t\t\t\t<a itemprop=\"url\" href=\"https:\/\/ai.ac.rs\/en\/instructor\/dr-emilija-nikolic\/\">\t\t\t\t\t<img loading=\"lazy\" decoding=\"async\" width=\"300\" height=\"300\" src=\"https:\/\/ai.ac.rs\/wp-content\/uploads\/2023\/10\/wmilj-nikolic.jpg\" class=\"attachment-full size-full wp-post-image\" alt=\"\" srcset=\"https:\/\/ai.ac.rs\/wp-content\/uploads\/2023\/10\/wmilj-nikolic.jpg 300w, https:\/\/ai.ac.rs\/wp-content\/uploads\/2023\/10\/wmilj-nikolic-150x150.jpg 150w, https:\/\/ai.ac.rs\/wp-content\/uploads\/2023\/10\/wmilj-nikolic-100x100.jpg 100w\" sizes=\"auto, (max-width: 300px) 100vw, 300px\" \/>\t\t\t\t<\/a>\t\t\t<\/div>\t\t\t\t<div class=\"eltdf-instructor-info\">\t\t\t<div class=\"eltdf-instructor-title-holder\">\t\t\t\t<h4 itemprop=\"name\" class=\"eltdf-instructor-name entry-title\">\t\t\t\t\t<a itemprop=\"url\" href=\"https:\/\/ai.ac.rs\/en\/instructor\/dr-emilija-nikolic\/\">Dr Emilija Nikoli\u0107<\/a>\t\t\t\t<\/h4>\t\t\t\t\t\t\t\t\t\t\t\t\t<h6 class=\"eltdf-instructor-position\">Research Associate<\/h6>\t\t\t\t\t\t\t<\/div>\t\t\t\t\t\t\t<div class=\"eltdf-instructor-text\">\t\t\t\t\t<div class=\"eltdf-instructor-text-inner\">\t\t\t\t\t\t<div class=\"eltdf-instructor-description\">\t\t\t\t\t\t\t<p itemprop=\"description\" class=\"eltdf-instructor-excerpt\">[vc_row][vc_column][vc_column_text]Interests and methodology of research &nbsp; Dr Emilija Nikoli\u0107 chose the programme History and \u0422heory of Architecture and Research and Protection of Building Heritage for her studies in architecture. After she participated in archaeological excavations at Viminacium, Dr Nikoli\u0107 focused on studies of Roman architecture and art and after the foundation of the Viminacium Archaeological Park, [&hellip;]<\/p>\t\t\t\t\t\t<\/div>\t\t\t\t\t<\/div>\t\t\t\t<\/div>\t\t\t\t\t\t<div class=\"eltdf-instructor-social-holder-between\">\t\t\t\t<div class=\"eltdf-instructor-social\">\t\t\t\t\t<div class=\"eltdf-instructor-social-inner\">\t\t\t\t\t\t<div class=\"eltdf-instructor-social-wrapp\">\t\t\t\t\t\t\t\t\t\t\t\t\t<\/div>\t\t\t\t\t<\/div>\t\t\t\t<\/div>\t\t\t<\/div>\t\t<\/div>\t<\/div><\/div>\t<\/div>\n<\/div><\/div>[\/vc_column][\/vc_row][vc_row][vc_column][vc_column_text]<\/p>\n<h4><strong>Bibliography:<\/strong><\/h4>\n<p>\u0408. \u0410\u043d\u0452\u0435\u043b\u043a\u043e\u0432\u0438\u045b \u0413\u0440\u0430\u0448\u0430\u0440, \u201dTrame\u201d \u0415\u0440\u0430\u0437\u043c\u0443\u0441+ \u043f\u0440\u043e\u0458\u0435\u043a\u0430\u0442 \u043a\u0430\u043e \u043f\u0440\u0438\u043c\u0435\u0440 \u0434\u043e\u0431\u0440\u0435 \u043f\u0440\u0430\u043a\u0441\u0435, 44. \u0441\u043a\u0443\u043f \u0421\u0440\u043f\u0441\u043a\u043e\u0433 \u0430\u0440\u0445\u0435\u043e\u043b\u043e\u0448\u043a\u043e\u0433 \u0434\u0440\u0443\u0448\u0442\u0432\u0430, \u041f\u0430\u0440\u0430\u045b\u0438\u043d, 14. \u2013 16. \u043e\u043a\u0442\u043e\u0431\u0430\u0440 2021. \u0433\u043e\u0434\u0438\u043d\u0435, \u0441\u0442\u0440. 98.[\/vc_column_text][\/vc_column][\/vc_row]<\/p>\n<\/section>","protected":false},"excerpt":{"rendered":"<p>The essence of this project is the dynamic relationship between the roles of identity and diversity, as well as cultures that have changed due to the acceptance of elements from other cultures. This project will allow high school students to discover and understand the value of cultural differences through the heritage left by peoples who once lived in the same area. It will also enable them to realize the importance of cultural &#8220;contamination&#8221; as a way to enrich and shape local and territorial identity.<\/p>\n","protected":false},"author":1,"featured_media":0,"comment_status":"closed","ping_status":"open","sticky":false,"template":"","format":"standard","meta":{"_bbp_topic_count":0,"_bbp_reply_count":0,"_bbp_total_topic_count":0,"_bbp_total_reply_count":0,"_bbp_voice_count":0,"_bbp_anonymous_reply_count":0,"_bbp_topic_count_hidden":0,"_bbp_reply_count_hidden":0,"_bbp_forum_subforum_count":0,"inline_featured_image":false,"footnotes":""},"categories":[235],"tags":[],"class_list":["post-7553","post","type-post","status-publish","format-standard","hentry","category-eu-projects"],"yoast_head":"<!-- This site is optimized with the Yoast SEO plugin v22.0 - https:\/\/yoast.com\/wordpress\/plugins\/seo\/ -->\n<title>TRAME \u2013 TRACCE DI MEMORIA - Institute of Archaeology<\/title>\n<meta name=\"robots\" content=\"index, follow, max-snippet:-1, max-image-preview:large, max-video-preview:-1\" \/>\n<link rel=\"canonical\" href=\"https:\/\/ai.ac.rs\/en\/trame-tracce-di-memoria-tragovi-pamcenja\/\" \/>\n<meta property=\"og:locale\" content=\"en_US\" \/>\n<meta property=\"og:type\" content=\"article\" \/>\n<meta property=\"og:title\" content=\"TRAME \u2013 TRACCE DI MEMORIA - Institute of Archaeology\" \/>\n<meta property=\"og:description\" content=\"The essence of this project is the dynamic relationship between the roles of identity and diversity, as well as cultures that have changed due to the acceptance of elements from other cultures. This project will allow high school students to discover and understand the value of cultural differences through the heritage left by peoples who once lived in the same area. It will also enable them to realize the importance of cultural &quot;contamination&quot; as a way to enrich and shape local and territorial identity.\" \/>\n<meta property=\"og:url\" content=\"https:\/\/ai.ac.rs\/en\/trame-tracce-di-memoria-tragovi-pamcenja\/\" \/>\n<meta property=\"og:site_name\" content=\"Institute of Archaeology\" \/>\n<meta property=\"article:publisher\" content=\"https:\/\/www.facebook.com\/profile.php?id=100063480880081&amp;sk\" \/>\n<meta property=\"article:published_time\" content=\"2023-09-23T22:07:16+00:00\" \/>\n<meta property=\"article:modified_time\" content=\"2024-05-28T13:15:11+00:00\" \/>\n<meta name=\"author\" content=\"arhmin\" \/>\n<meta name=\"twitter:card\" content=\"summary_large_image\" \/>\n<meta name=\"twitter:creator\" content=\"@arheoinst\" \/>\n<meta name=\"twitter:site\" content=\"@arheoinst\" \/>\n<meta name=\"twitter:label1\" content=\"Written by\" \/>\n\t<meta name=\"twitter:data1\" content=\"arhmin\" \/>\n\t<meta name=\"twitter:label2\" content=\"Est. reading time\" \/>\n\t<meta name=\"twitter:data2\" content=\"3 minutes\" \/>\n<script type=\"application\/ld+json\" class=\"yoast-schema-graph\">{\"@context\":\"https:\/\/schema.org\",\"@graph\":[{\"@type\":\"Article\",\"@id\":\"https:\/\/ai.ac.rs\/en\/trame-tracce-di-memoria-tragovi-pamcenja\/#article\",\"isPartOf\":{\"@id\":\"https:\/\/ai.ac.rs\/en\/trame-tracce-di-memoria-tragovi-pamcenja\/\"},\"author\":{\"name\":\"arhmin\",\"@id\":\"https:\/\/ai.ac.rs\/#\/schema\/person\/5e33142d9536bc252d23d39c781ab23d\"},\"headline\":\"TRAME \u2013 TRACCE DI MEMORIA\",\"datePublished\":\"2023-09-23T22:07:16+00:00\",\"dateModified\":\"2024-05-28T13:15:11+00:00\",\"mainEntityOfPage\":{\"@id\":\"https:\/\/ai.ac.rs\/en\/trame-tracce-di-memoria-tragovi-pamcenja\/\"},\"wordCount\":681,\"publisher\":{\"@id\":\"https:\/\/ai.ac.rs\/#organization\"},\"articleSection\":[\"EU projects\"],\"inLanguage\":\"en-US\"},{\"@type\":\"WebPage\",\"@id\":\"https:\/\/ai.ac.rs\/en\/trame-tracce-di-memoria-tragovi-pamcenja\/\",\"url\":\"https:\/\/ai.ac.rs\/en\/trame-tracce-di-memoria-tragovi-pamcenja\/\",\"name\":\"TRAME \u2013 TRACCE DI MEMORIA - Institute of Archaeology\",\"isPartOf\":{\"@id\":\"https:\/\/ai.ac.rs\/#website\"},\"datePublished\":\"2023-09-23T22:07:16+00:00\",\"dateModified\":\"2024-05-28T13:15:11+00:00\",\"breadcrumb\":{\"@id\":\"https:\/\/ai.ac.rs\/en\/trame-tracce-di-memoria-tragovi-pamcenja\/#breadcrumb\"},\"inLanguage\":\"en-US\",\"potentialAction\":[{\"@type\":\"ReadAction\",\"target\":[\"https:\/\/ai.ac.rs\/en\/trame-tracce-di-memoria-tragovi-pamcenja\/\"]}]},{\"@type\":\"BreadcrumbList\",\"@id\":\"https:\/\/ai.ac.rs\/en\/trame-tracce-di-memoria-tragovi-pamcenja\/#breadcrumb\",\"itemListElement\":[{\"@type\":\"ListItem\",\"position\":1,\"name\":\"\u041f\u043e\u0447\u0435\u0442\u043d\u0430\",\"item\":\"https:\/\/ai.ac.rs\/en\/\"},{\"@type\":\"ListItem\",\"position\":2,\"name\":\"TRAME \u2013 TRACCE DI MEMORIA\"}]},{\"@type\":\"WebSite\",\"@id\":\"https:\/\/ai.ac.rs\/#website\",\"url\":\"https:\/\/ai.ac.rs\/\",\"name\":\"A\u0440\u0445\u0435\u043e\u043b\u043e\u0448\u043a\u0438 \u0438\u043d\u0441\u0442\u0438\u0442\u0443\u0442\",\"description\":\"Srbija\",\"publisher\":{\"@id\":\"https:\/\/ai.ac.rs\/#organization\"},\"potentialAction\":[{\"@type\":\"SearchAction\",\"target\":{\"@type\":\"EntryPoint\",\"urlTemplate\":\"https:\/\/ai.ac.rs\/?s={search_term_string}\"},\"query-input\":\"required name=search_term_string\"}],\"inLanguage\":\"en-US\"},{\"@type\":\"Organization\",\"@id\":\"https:\/\/ai.ac.rs\/#organization\",\"name\":\"A\u0440\u0445\u0435\u043e\u043b\u043e\u0448\u043a\u0438 \u0438\u043d\u0441\u0442\u0438\u0442\u0443\u0442\",\"url\":\"https:\/\/ai.ac.rs\/\",\"logo\":{\"@type\":\"ImageObject\",\"inLanguage\":\"en-US\",\"@id\":\"https:\/\/ai.ac.rs\/#\/schema\/logo\/image\/\",\"url\":\"https:\/\/ai.ac.rs\/wp-content\/uploads\/2023\/07\/f-logop.png\",\"contentUrl\":\"https:\/\/ai.ac.rs\/wp-content\/uploads\/2023\/07\/f-logop.png\",\"width\":300,\"height\":238,\"caption\":\"A\u0440\u0445\u0435\u043e\u043b\u043e\u0448\u043a\u0438 \u0438\u043d\u0441\u0442\u0438\u0442\u0443\u0442\"},\"image\":{\"@id\":\"https:\/\/ai.ac.rs\/#\/schema\/logo\/image\/\"},\"sameAs\":[\"https:\/\/www.facebook.com\/profile.php?id=100063480880081&sk\",\"https:\/\/twitter.com\/arheoinst\",\"https:\/\/www.instagram.com\/arheoloski.institut.rs\/\"]},{\"@type\":\"Person\",\"@id\":\"https:\/\/ai.ac.rs\/#\/schema\/person\/5e33142d9536bc252d23d39c781ab23d\",\"name\":\"arhmin\",\"image\":{\"@type\":\"ImageObject\",\"inLanguage\":\"en-US\",\"@id\":\"https:\/\/ai.ac.rs\/#\/schema\/person\/image\/\",\"url\":\"https:\/\/secure.gravatar.com\/avatar\/5ede44743b93d18d438008868bc63dd72ff3583cf4748bbd8c234f5dc3e665a1?s=96&d=mm&r=g\",\"contentUrl\":\"https:\/\/secure.gravatar.com\/avatar\/5ede44743b93d18d438008868bc63dd72ff3583cf4748bbd8c234f5dc3e665a1?s=96&d=mm&r=g\",\"caption\":\"arhmin\"},\"sameAs\":[\"https:\/\/ai.ac.rs\"],\"url\":\"https:\/\/ai.ac.rs\/en\/author\/arhmin\/\"}]}<\/script>\n<!-- \/ Yoast SEO plugin. -->","yoast_head_json":{"title":"TRAME \u2013 TRACCE DI MEMORIA - Institute of Archaeology","robots":{"index":"index","follow":"follow","max-snippet":"max-snippet:-1","max-image-preview":"max-image-preview:large","max-video-preview":"max-video-preview:-1"},"canonical":"https:\/\/ai.ac.rs\/en\/trame-tracce-di-memoria-tragovi-pamcenja\/","og_locale":"en_US","og_type":"article","og_title":"TRAME \u2013 TRACCE DI MEMORIA - Institute of Archaeology","og_description":"The essence of this project is the dynamic relationship between the roles of identity and diversity, as well as cultures that have changed due to the acceptance of elements from other cultures. This project will allow high school students to discover and understand the value of cultural differences through the heritage left by peoples who once lived in the same area. It will also enable them to realize the importance of cultural \"contamination\" as a way to enrich and shape local and territorial identity.","og_url":"https:\/\/ai.ac.rs\/en\/trame-tracce-di-memoria-tragovi-pamcenja\/","og_site_name":"Institute of Archaeology","article_publisher":"https:\/\/www.facebook.com\/profile.php?id=100063480880081&sk","article_published_time":"2023-09-23T22:07:16+00:00","article_modified_time":"2024-05-28T13:15:11+00:00","author":"arhmin","twitter_card":"summary_large_image","twitter_creator":"@arheoinst","twitter_site":"@arheoinst","twitter_misc":{"Written by":"arhmin","Est. reading time":"3 minutes"},"schema":{"@context":"https:\/\/schema.org","@graph":[{"@type":"Article","@id":"https:\/\/ai.ac.rs\/en\/trame-tracce-di-memoria-tragovi-pamcenja\/#article","isPartOf":{"@id":"https:\/\/ai.ac.rs\/en\/trame-tracce-di-memoria-tragovi-pamcenja\/"},"author":{"name":"arhmin","@id":"https:\/\/ai.ac.rs\/#\/schema\/person\/5e33142d9536bc252d23d39c781ab23d"},"headline":"TRAME \u2013 TRACCE DI MEMORIA","datePublished":"2023-09-23T22:07:16+00:00","dateModified":"2024-05-28T13:15:11+00:00","mainEntityOfPage":{"@id":"https:\/\/ai.ac.rs\/en\/trame-tracce-di-memoria-tragovi-pamcenja\/"},"wordCount":681,"publisher":{"@id":"https:\/\/ai.ac.rs\/#organization"},"articleSection":["EU projects"],"inLanguage":"en-US"},{"@type":"WebPage","@id":"https:\/\/ai.ac.rs\/en\/trame-tracce-di-memoria-tragovi-pamcenja\/","url":"https:\/\/ai.ac.rs\/en\/trame-tracce-di-memoria-tragovi-pamcenja\/","name":"TRAME \u2013 TRACCE DI MEMORIA - Institute of Archaeology","isPartOf":{"@id":"https:\/\/ai.ac.rs\/#website"},"datePublished":"2023-09-23T22:07:16+00:00","dateModified":"2024-05-28T13:15:11+00:00","breadcrumb":{"@id":"https:\/\/ai.ac.rs\/en\/trame-tracce-di-memoria-tragovi-pamcenja\/#breadcrumb"},"inLanguage":"en-US","potentialAction":[{"@type":"ReadAction","target":["https:\/\/ai.ac.rs\/en\/trame-tracce-di-memoria-tragovi-pamcenja\/"]}]},{"@type":"BreadcrumbList","@id":"https:\/\/ai.ac.rs\/en\/trame-tracce-di-memoria-tragovi-pamcenja\/#breadcrumb","itemListElement":[{"@type":"ListItem","position":1,"name":"\u041f\u043e\u0447\u0435\u0442\u043d\u0430","item":"https:\/\/ai.ac.rs\/en\/"},{"@type":"ListItem","position":2,"name":"TRAME \u2013 TRACCE DI MEMORIA"}]},{"@type":"WebSite","@id":"https:\/\/ai.ac.rs\/#website","url":"https:\/\/ai.ac.rs\/","name":"A\u0440\u0445\u0435\u043e\u043b\u043e\u0448\u043a\u0438 \u0438\u043d\u0441\u0442\u0438\u0442\u0443\u0442","description":"Srbija","publisher":{"@id":"https:\/\/ai.ac.rs\/#organization"},"potentialAction":[{"@type":"SearchAction","target":{"@type":"EntryPoint","urlTemplate":"https:\/\/ai.ac.rs\/?s={search_term_string}"},"query-input":"required name=search_term_string"}],"inLanguage":"en-US"},{"@type":"Organization","@id":"https:\/\/ai.ac.rs\/#organization","name":"A\u0440\u0445\u0435\u043e\u043b\u043e\u0448\u043a\u0438 \u0438\u043d\u0441\u0442\u0438\u0442\u0443\u0442","url":"https:\/\/ai.ac.rs\/","logo":{"@type":"ImageObject","inLanguage":"en-US","@id":"https:\/\/ai.ac.rs\/#\/schema\/logo\/image\/","url":"https:\/\/ai.ac.rs\/wp-content\/uploads\/2023\/07\/f-logop.png","contentUrl":"https:\/\/ai.ac.rs\/wp-content\/uploads\/2023\/07\/f-logop.png","width":300,"height":238,"caption":"A\u0440\u0445\u0435\u043e\u043b\u043e\u0448\u043a\u0438 \u0438\u043d\u0441\u0442\u0438\u0442\u0443\u0442"},"image":{"@id":"https:\/\/ai.ac.rs\/#\/schema\/logo\/image\/"},"sameAs":["https:\/\/www.facebook.com\/profile.php?id=100063480880081&sk","https:\/\/twitter.com\/arheoinst","https:\/\/www.instagram.com\/arheoloski.institut.rs\/"]},{"@type":"Person","@id":"https:\/\/ai.ac.rs\/#\/schema\/person\/5e33142d9536bc252d23d39c781ab23d","name":"arhmin","image":{"@type":"ImageObject","inLanguage":"en-US","@id":"https:\/\/ai.ac.rs\/#\/schema\/person\/image\/","url":"https:\/\/secure.gravatar.com\/avatar\/5ede44743b93d18d438008868bc63dd72ff3583cf4748bbd8c234f5dc3e665a1?s=96&d=mm&r=g","contentUrl":"https:\/\/secure.gravatar.com\/avatar\/5ede44743b93d18d438008868bc63dd72ff3583cf4748bbd8c234f5dc3e665a1?s=96&d=mm&r=g","caption":"arhmin"},"sameAs":["https:\/\/ai.ac.rs"],"url":"https:\/\/ai.ac.rs\/en\/author\/arhmin\/"}]}},"_links":{"self":[{"href":"https:\/\/ai.ac.rs\/en\/wp-json\/wp\/v2\/posts\/7553","targetHints":{"allow":["GET"]}}],"collection":[{"href":"https:\/\/ai.ac.rs\/en\/wp-json\/wp\/v2\/posts"}],"about":[{"href":"https:\/\/ai.ac.rs\/en\/wp-json\/wp\/v2\/types\/post"}],"author":[{"embeddable":true,"href":"https:\/\/ai.ac.rs\/en\/wp-json\/wp\/v2\/users\/1"}],"replies":[{"embeddable":true,"href":"https:\/\/ai.ac.rs\/en\/wp-json\/wp\/v2\/comments?post=7553"}],"version-history":[{"count":6,"href":"https:\/\/ai.ac.rs\/en\/wp-json\/wp\/v2\/posts\/7553\/revisions"}],"predecessor-version":[{"id":7554,"href":"https:\/\/ai.ac.rs\/en\/wp-json\/wp\/v2\/posts\/7553\/revisions\/7554"}],"wp:attachment":[{"href":"https:\/\/ai.ac.rs\/en\/wp-json\/wp\/v2\/media?parent=7553"}],"wp:term":[{"taxonomy":"category","embeddable":true,"href":"https:\/\/ai.ac.rs\/en\/wp-json\/wp\/v2\/categories?post=7553"},{"taxonomy":"post_tag","embeddable":true,"href":"https:\/\/ai.ac.rs\/en\/wp-json\/wp\/v2\/tags?post=7553"}],"curies":[{"name":"wp","href":"https:\/\/api.w.org\/{rel}","templated":true}]}}